{"id":900,"date":"2020-09-09T15:42:12","date_gmt":"2020-09-09T13:42:12","guid":{"rendered":"\/blog\/?p=900"},"modified":"2020-09-12T09:04:39","modified_gmt":"2020-09-12T07:04:39","slug":"saaledes-kan-du-nyde-sommeren-lidt-laengere","status":"publish","type":"post","link":"https:\/\/www.smartphoto.dk\/blog\/saaledes-kan-du-nyde-sommeren-lidt-laengere\/","title":{"rendered":"S\u00e5ledes kan du nyde sommeren lidt l\u00e6ngere!"},"content":{"rendered":"\n<p>Ville du \u00f8nske, at sommeren kunne vare lidt l\u00e6ngere? Forl\u00e6ng sommeren og giv nyt liv til dine smukkeste sommerbilleder p\u00e5 smarte m\u00e5der!<\/p>\n\n\n\n<h3 class=\"wp-block-heading\"><br>Fotob\u00f8ger<\/h3>\n\n\n\n<div class=\"wp-block-media-text alignwide is-stacked-on-mobile\"><figure class=\"wp-block-media-text__media\"><img loading=\"lazy\" decoding=\"async\" width=\"360\" height=\"360\" src=\"https:\/\/storage.googleapis.com\/smartphoto-express-production-wp-blogs-com\/14\/2020\/09\/autumn-v36_books_360x360.jpg\" alt=\"Fotob\u00f8ger\" class=\"wp-image-888\" srcset=\"https:\/\/storage.googleapis.com\/smartphoto-express-production-wp-blogs-com\/14\/2020\/09\/autumn-v36_books_360x360.jpg 360w, https:\/\/storage.googleapis.com\/smartphoto-express-production-wp-blogs-com\/14\/2020\/09\/autumn-v36_books_360x360-300x300.jpg 300w, https:\/\/storage.googleapis.com\/smartphoto-express-production-wp-blogs-com\/14\/2020\/09\/autumn-v36_books_360x360-150x150.jpg 150w\" sizes=\"auto, (max-width: 360px) 100vw, 360px\" \/><\/figure><div class=\"wp-block-media-text__content\">\n<p>Udv\u00e6lg de bedste billeder fra sommerens herlige dage og lav din helt egen <a href=\"https:\/\/www.smartphoto.dk\/fotobog\">fotobog<\/a>. <br><br>Hvis du vil samle alle billeder fra helligdage og sommerferier, kan du nemt g\u00f8re dette i en fotobog &#8211; ogs\u00e5 meget praktisk, n\u00e5r du vil vise alle erindringerne til dine k\u00e6re.<\/p>\n<\/div><\/div>\n\n\n\n<h3 class=\"wp-block-heading\"><br>Fotokalendere &amp; Kalenderb\u00f8ger<\/h3>\n\n\n\n<div class=\"wp-block-media-text alignwide has-media-on-the-right is-stacked-on-mobile\"><figure class=\"wp-block-media-text__media\"><img loading=\"lazy\" decoding=\"async\" width=\"360\" height=\"360\" src=\"https:\/\/storage.googleapis.com\/smartphoto-express-production-wp-blogs-com\/14\/2020\/09\/autumn-v36_kalender_360x360.jpg\" alt=\"Fotokalendere &amp; Kalenderb\u00f8ger\" class=\"wp-image-894\" srcset=\"https:\/\/storage.googleapis.com\/smartphoto-express-production-wp-blogs-com\/14\/2020\/09\/autumn-v36_kalender_360x360.jpg 360w, https:\/\/storage.googleapis.com\/smartphoto-express-production-wp-blogs-com\/14\/2020\/09\/autumn-v36_kalender_360x360-300x300.jpg 300w, https:\/\/storage.googleapis.com\/smartphoto-express-production-wp-blogs-com\/14\/2020\/09\/autumn-v36_kalender_360x360-150x150.jpg 150w\" sizes=\"auto, (max-width: 360px) 100vw, 360px\" \/><\/figure><div class=\"wp-block-media-text__content\">\n<p>Saml dine bedste feriebilleder i en <a href=\"https:\/\/www.smartphoto.dk\/fotokalender\">kalender<\/a>, og nyd et nyt herligt billede hver m\u00e5ned. <br><br>En klassisk v\u00e6gkalender med personlige billeder er ogs\u00e5 en meget v\u00e6rdsat gave.<\/p>\n<\/div><\/div>\n\n\n\n<h3 class=\"wp-block-heading\"><br>Billeder &amp; Fotoplakater<\/h3>\n\n\n\n<div class=\"wp-block-media-text alignwide is-stacked-on-mobile\"><figure class=\"wp-block-media-text__media\"><img loading=\"lazy\" decoding=\"async\" width=\"360\" height=\"360\" src=\"https:\/\/storage.googleapis.com\/smartphoto-express-production-wp-blogs-com\/14\/2020\/09\/autumn-v36_print_360x360.jpg\" alt=\"Billeder &amp; Fotoplakater\" class=\"wp-image-897\" srcset=\"https:\/\/storage.googleapis.com\/smartphoto-express-production-wp-blogs-com\/14\/2020\/09\/autumn-v36_print_360x360.jpg 360w, https:\/\/storage.googleapis.com\/smartphoto-express-production-wp-blogs-com\/14\/2020\/09\/autumn-v36_print_360x360-300x300.jpg 300w, https:\/\/storage.googleapis.com\/smartphoto-express-production-wp-blogs-com\/14\/2020\/09\/autumn-v36_print_360x360-150x150.jpg 150w\" sizes=\"auto, (max-width: 360px) 100vw, 360px\" \/><\/figure><div class=\"wp-block-media-text__content\">\n<p><a href=\"https:\/\/www.smartphoto.dk\/billeder-plakater-fotohaefter\">Fremkald<\/a> alle de vidunderlige minder fra sommeren og se tilbage p\u00e5 jeres eventyr sammen, n\u00e5r I vil.<\/p>\n<\/div><\/div>\n\n\n\n<h3 class=\"wp-block-heading\"><br>L\u00e6rredsbilleder<\/h3>\n\n\n\n<div class=\"wp-block-media-text alignwide has-media-on-the-right is-stacked-on-mobile\"><figure class=\"wp-block-media-text__media\"><img loading=\"lazy\" decoding=\"async\" width=\"360\" height=\"360\" src=\"https:\/\/storage.googleapis.com\/smartphoto-express-production-wp-blogs-com\/14\/2020\/09\/autumn-v36_walldeco_360x360.jpg\" alt=\"L\u00e6rredsbilleder\" class=\"wp-image-899\" srcset=\"https:\/\/storage.googleapis.com\/smartphoto-express-production-wp-blogs-com\/14\/2020\/09\/autumn-v36_walldeco_360x360.jpg 360w, https:\/\/storage.googleapis.com\/smartphoto-express-production-wp-blogs-com\/14\/2020\/09\/autumn-v36_walldeco_360x360-300x300.jpg 300w, https:\/\/storage.googleapis.com\/smartphoto-express-production-wp-blogs-com\/14\/2020\/09\/autumn-v36_walldeco_360x360-150x150.jpg 150w\" sizes=\"auto, (max-width: 360px) 100vw, 360px\" \/><\/figure><div class=\"wp-block-media-text__content\">\n<p>Tag ferien med dig hjem! <br><br><a href=\"https:\/\/www.smartphoto.dk\/laerred-vaegdekoration\">Opliv dine v\u00e6gge<\/a> med alle de fantastiske sommerminder! Har du problemer med bare at v\u00e6lge et enkelt billede? Se vores collage designs, hvor du kan anbringe flere forskellige fotos p\u00e5 samme billede!<\/p>\n<\/div><\/div>\n\n\n\n<h3 class=\"wp-block-heading\"><br>Flere m\u00e5der at bevare dine sommerminder p\u00e5!<\/h3>\n\n\n\n<figure class=\"wp-block-image size-large\"><img loading=\"lazy\" decoding=\"async\" width=\"720\" height=\"360\" src=\"https:\/\/storage.googleapis.com\/smartphoto-express-production-wp-blogs-com\/14\/2020\/09\/autumn-v36_C2_720x360.jpg\" alt=\"Flere m\u00e5der at bevare dine sommerminder p\u00e5!\" class=\"wp-image-890\" srcset=\"https:\/\/storage.googleapis.com\/smartphoto-express-production-wp-blogs-com\/14\/2020\/09\/autumn-v36_C2_720x360.jpg 720w, https:\/\/storage.googleapis.com\/smartphoto-express-production-wp-blogs-com\/14\/2020\/09\/autumn-v36_C2_720x360-300x150.jpg 300w\" sizes=\"auto, (max-width: 720px) 100vw, 720px\" \/><\/figure>\n\n\n\n<h3 class=\"wp-block-heading\"><br>Fotoramme med sand &#8211; Begr\u00e6nset oplag!<\/h3>\n\n\n\n<div class=\"wp-block-media-text alignwide is-stacked-on-mobile\"><figure class=\"wp-block-media-text__media\"><img loading=\"lazy\" decoding=\"async\" width=\"358\" height=\"358\" src=\"https:\/\/storage.googleapis.com\/smartphoto-express-production-wp-blogs-com\/14\/2020\/09\/autumn-v36_fotoram-summer_360x360-e1599894048678.jpg\" alt=\"Fotoramme med sand\" class=\"wp-image-892\" srcset=\"https:\/\/storage.googleapis.com\/smartphoto-express-production-wp-blogs-com\/14\/2020\/09\/autumn-v36_fotoram-summer_360x360-e1599894048678.jpg 358w, https:\/\/storage.googleapis.com\/smartphoto-express-production-wp-blogs-com\/14\/2020\/09\/autumn-v36_fotoram-summer_360x360-e1599894048678-300x300.jpg 300w, https:\/\/storage.googleapis.com\/smartphoto-express-production-wp-blogs-com\/14\/2020\/09\/autumn-v36_fotoram-summer_360x360-e1599894048678-150x150.jpg 150w\" sizes=\"auto, (max-width: 358px) 100vw, 358px\" \/><\/figure><div class=\"wp-block-media-text__content\">\n<p><a href=\"https:\/\/www.smartphoto.dk\/lav-noget-sjovt\/fotoramme-med-sand\">En sjov og unik m\u00e5de<\/a> at vise dine sommerminder p\u00e5!<\/p>\n<\/div><\/div>\n\n\n\n<h3 class=\"wp-block-heading\"><br>Fotoautomat fotomagneter<\/h3>\n\n\n\n<div class=\"wp-block-media-text alignwide has-media-on-the-right is-stacked-on-mobile\"><figure class=\"wp-block-media-text__media\"><img loading=\"lazy\" decoding=\"async\" width=\"358\" height=\"358\" src=\"https:\/\/storage.googleapis.com\/smartphoto-express-production-wp-blogs-com\/14\/2020\/09\/autumn-v36_magneter_360x360-e1599893925707.jpg\" alt=\"Fotoautomat fotomagneter\" class=\"wp-image-895\" srcset=\"https:\/\/storage.googleapis.com\/smartphoto-express-production-wp-blogs-com\/14\/2020\/09\/autumn-v36_magneter_360x360-e1599893925707.jpg 358w, https:\/\/storage.googleapis.com\/smartphoto-express-production-wp-blogs-com\/14\/2020\/09\/autumn-v36_magneter_360x360-e1599893925707-300x300.jpg 300w, https:\/\/storage.googleapis.com\/smartphoto-express-production-wp-blogs-com\/14\/2020\/09\/autumn-v36_magneter_360x360-e1599893925707-150x150.jpg 150w\" sizes=\"auto, (max-width: 358px) 100vw, 358px\" \/><\/figure><div class=\"wp-block-media-text__content\">\n<p>Et kunstgalleri beh\u00f8ver ikke at sidde p\u00e5 v\u00e6ggen. <br><br>Lav <a href=\"https:\/\/www.smartphoto.dk\/lav-noget-sjovt\/foto-automat-fotomagneter\">magneter<\/a> med dine bedste billeder.<\/p>\n<\/div><\/div>\n\n\n\n<h3 class=\"wp-block-heading\"><br>Emaljekrus<\/h3>\n\n\n\n<div class=\"wp-block-media-text alignwide is-stacked-on-mobile\"><figure class=\"wp-block-media-text__media\"><img loading=\"lazy\" decoding=\"async\" width=\"360\" height=\"360\" src=\"https:\/\/storage.googleapis.com\/smartphoto-express-production-wp-blogs-com\/14\/2020\/09\/autumn-v36_emaljmugg_360x360.jpg\" alt=\"Emaljekrus\" class=\"wp-image-891\" srcset=\"https:\/\/storage.googleapis.com\/smartphoto-express-production-wp-blogs-com\/14\/2020\/09\/autumn-v36_emaljmugg_360x360.jpg 360w, https:\/\/storage.googleapis.com\/smartphoto-express-production-wp-blogs-com\/14\/2020\/09\/autumn-v36_emaljmugg_360x360-300x300.jpg 300w, https:\/\/storage.googleapis.com\/smartphoto-express-production-wp-blogs-com\/14\/2020\/09\/autumn-v36_emaljmugg_360x360-150x150.jpg 150w\" sizes=\"auto, (max-width: 360px) 100vw, 360px\" \/><\/figure><div class=\"wp-block-media-text__content\">\n<p><a href=\"https:\/\/www.smartphoto.dk\/lav-noget-sjovt\/emaljekrus\">Gem dine sommerbilleder<\/a> fra strand, park eller haven hos mormor og morfar.<\/p>\n<\/div><\/div>\n\n\n\n<h3 class=\"wp-block-heading\"><br>Cover til mobil<\/h3>\n\n\n\n<div class=\"wp-block-media-text alignwide has-media-on-the-right is-stacked-on-mobile\"><figure class=\"wp-block-media-text__media\"><img loading=\"lazy\" decoding=\"async\" width=\"360\" height=\"360\" src=\"https:\/\/storage.googleapis.com\/smartphoto-express-production-wp-blogs-com\/14\/2020\/09\/autumn-v36_mobilskal_360x360.jpg\" alt=\"Cover til mobil\" class=\"wp-image-896\" srcset=\"https:\/\/storage.googleapis.com\/smartphoto-express-production-wp-blogs-com\/14\/2020\/09\/autumn-v36_mobilskal_360x360.jpg 360w, https:\/\/storage.googleapis.com\/smartphoto-express-production-wp-blogs-com\/14\/2020\/09\/autumn-v36_mobilskal_360x360-300x300.jpg 300w, https:\/\/storage.googleapis.com\/smartphoto-express-production-wp-blogs-com\/14\/2020\/09\/autumn-v36_mobilskal_360x360-150x150.jpg 150w\" sizes=\"auto, (max-width: 360px) 100vw, 360px\" \/><\/figure><div class=\"wp-block-media-text__content\">\n<p>Ingen andre vil have lige s\u00e5 god og <a href=\"https:\/\/www.smartphoto.dk\/lav-noget-sjovt\/mobil-tablet-covers\">unik en mobiltelefon<\/a> som dig.<\/p>\n<\/div><\/div>\n\n\n\n<h3 class=\"wp-block-heading\"><br>Billeder i \u00e6ske<\/h3>\n\n\n\n<div class=\"wp-block-media-text alignwide is-stacked-on-mobile\"><figure class=\"wp-block-media-text__media\"><img loading=\"lazy\" decoding=\"async\" width=\"360\" height=\"360\" src=\"https:\/\/storage.googleapis.com\/smartphoto-express-production-wp-blogs-com\/14\/2020\/09\/autumn-v36_printsinbox_360x360.jpg\" alt=\"Billeder i \u00e6ske\" class=\"wp-image-898\" srcset=\"https:\/\/storage.googleapis.com\/smartphoto-express-production-wp-blogs-com\/14\/2020\/09\/autumn-v36_printsinbox_360x360.jpg 360w, https:\/\/storage.googleapis.com\/smartphoto-express-production-wp-blogs-com\/14\/2020\/09\/autumn-v36_printsinbox_360x360-300x300.jpg 300w, https:\/\/storage.googleapis.com\/smartphoto-express-production-wp-blogs-com\/14\/2020\/09\/autumn-v36_printsinbox_360x360-150x150.jpg 150w\" sizes=\"auto, (max-width: 360px) 100vw, 360px\" \/><\/figure><div class=\"wp-block-media-text__content\">\n<p><a href=\"https:\/\/www.smartphoto.dk\/billeder-plakater-fotohaefter\/billeder-i-aeske\">En god m\u00e5de at samle dine fotos<\/a> p\u00e5 til selv, men kan ogs\u00e5 v\u00e6re en smuk gave til en anden &lt;3<\/p>\n<\/div><\/div>\n\n\n\n<h3 class=\"wp-block-heading\"><br>Kaged\u00e5se metal<\/h3>\n\n\n\n<div class=\"wp-block-media-text alignwide has-media-on-the-right is-stacked-on-mobile\"><figure class=\"wp-block-media-text__media\"><img loading=\"lazy\" decoding=\"async\" width=\"360\" height=\"360\" src=\"https:\/\/storage.googleapis.com\/smartphoto-express-production-wp-blogs-com\/14\/2020\/09\/autumn-v36_kakburk_360x360.jpg\" alt=\"Kaged\u00e5se metal\" class=\"wp-image-893\" srcset=\"https:\/\/storage.googleapis.com\/smartphoto-express-production-wp-blogs-com\/14\/2020\/09\/autumn-v36_kakburk_360x360.jpg 360w, https:\/\/storage.googleapis.com\/smartphoto-express-production-wp-blogs-com\/14\/2020\/09\/autumn-v36_kakburk_360x360-300x300.jpg 300w, https:\/\/storage.googleapis.com\/smartphoto-express-production-wp-blogs-com\/14\/2020\/09\/autumn-v36_kakburk_360x360-150x150.jpg 150w\" sizes=\"auto, (max-width: 360px) 100vw, 360px\" \/><\/figure><div class=\"wp-block-media-text__content\">\n<p>Dobbelt nydelse med et dejligt sommerminde p\u00e5 l\u00e5get p\u00e5 <a href=\"https:\/\/www.smartphoto.dk\/lav-noget-sjovt\/kagedase-metal\">kaged\u00e5sen<\/a> med godbidder i.<\/p>\n<\/div><\/div>\n","protected":false},"excerpt":{"rendered":"<p>Ville du \u00f8nske, at sommeren kunne vare lidt l\u00e6ngere? Forl\u00e6ng sommeren og giv nyt liv til dine smukkeste sommerbilleder p\u00e5 smarte m\u00e5der! Fotob\u00f8ger Udv\u00e6lg de bedste billeder fra sommerens herlige dage og lav din helt egen fotobog. Hvis du vil samle alle billeder fra helligdage og sommerferier, kan du nemt g\u00f8re dette i en fotobog &#8211; ogs\u00e5 meget praktisk, n\u00e5r du vil vise alle erindringerne til dine k\u00e6re. Fotokalendere &amp; Kalenderb\u00f8ger Saml dine bedste feriebilleder i en kalender, og nyd et nyt herligt billede hver m\u00e5ned. En klassisk v\u00e6gkalender med personlige billeder er ogs\u00e5 en meget v\u00e6rdsat gave. Billeder &amp;<\/p>\n","protected":false},"author":1,"featured_media":889,"comment_status":"open","ping_status":"open","sticky":false,"template":"","format":"standard","meta":{"om_disable_all_campaigns":false,"_monsterinsights_skip_tracking":false,"_monsterinsights_sitenote_active":false,"_monsterinsights_sitenote_note":"","_monsterinsights_sitenote_category":0,"footnotes":""},"categories":[8,6],"tags":[],"class_list":["post-900","post","type-post","status-publish","format-standard","has-post-thumbnail","hentry","category-inretning-dekoration","category-inspiration"],"yoast_head":"<!-- This site is optimized with the Yoast SEO plugin v23.8 - https:\/\/yoast.com\/wordpress\/plugins\/seo\/ -->\n<title>S\u00e5ledes kan du nyde sommeren lidt l\u00e6ngere! - smartphotoblog Inspiration - Foto tips - DIY<\/title>\n<meta name=\"description\" content=\"Ville du \u00f8nske, at sommeren kunne vare lidt l\u00e6ngere? Forl\u00e6ng sommeren og giv nyt liv til dine smukkeste sommerbilleder p\u00e5 smarte m\u00e5der!\" \/>\n<meta name=\"robots\" content=\"index, follow, max-snippet:-1, max-image-preview:large, max-video-preview:-1\" \/>\n<link rel=\"canonical\" href=\"https:\/\/www.smartphoto.dk\/blog\/saaledes-kan-du-nyde-sommeren-lidt-laengere\/\" \/>\n<meta property=\"og:locale\" content=\"da_DK\" \/>\n<meta property=\"og:type\" content=\"article\" \/>\n<meta property=\"og:title\" content=\"S\u00e5ledes kan du nyde sommeren lidt l\u00e6ngere! - smartphotoblog Inspiration - Foto tips - DIY\" \/>\n<meta property=\"og:description\" content=\"Ville du \u00f8nske, at sommeren kunne vare lidt l\u00e6ngere? Forl\u00e6ng sommeren og giv nyt liv til dine smukkeste sommerbilleder p\u00e5 smarte m\u00e5der!\" \/>\n<meta property=\"og:url\" content=\"\/blog\/saaledes-kan-du-nyde-sommeren-lidt-laengere\/\" \/>\n<meta property=\"og:site_name\" content=\"smartphotoblog Inspiration - Foto tips - DIY\" \/>\n<meta property=\"article:published_time\" content=\"2020-09-09T13:42:12+00:00\" \/>\n<meta property=\"article:modified_time\" content=\"2020-09-12T07:04:39+00:00\" \/>\n<meta property=\"og:image\" content=\"https:\/\/storage.googleapis.com\/smartphoto-express-production-wp-blogs-com\/14\/2020\/09\/autumn-v36_C1_720x360-e1599892301632.jpg\" \/>\n\t<meta property=\"og:image:width\" content=\"716\" \/>\n\t<meta property=\"og:image:height\" content=\"349\" \/>\n\t<meta property=\"og:image:type\" content=\"image\/jpeg\" \/>\n<meta name=\"author\" content=\"admin\" \/>\n<meta name=\"twitter:card\" content=\"summary_large_image\" \/>\n<meta name=\"twitter:label1\" content=\"Written by\" \/>\n\t<meta name=\"twitter:data1\" content=\"admin\" \/>\n\t<meta name=\"twitter:label2\" content=\"Est. reading time\" \/>\n\t<meta name=\"twitter:data2\" content=\"1 minute\" \/>\n<script type=\"application\/ld+json\" class=\"yoast-schema-graph\">{\"@context\":\"https:\/\/schema.org\",\"@graph\":[{\"@type\":\"WebPage\",\"@id\":\"\/blog\/saaledes-kan-du-nyde-sommeren-lidt-laengere\/\",\"url\":\"https:\/\/www.smartphoto.dk\/blog\/saaledes-kan-du-nyde-sommeren-lidt-laengere\/\",\"name\":\"S\u00e5ledes kan du nyde sommeren lidt l\u00e6ngere! - smartphotoblog Inspiration - Foto tips - DIY\",\"isPartOf\":{\"@id\":\"https:\/\/www.smartphoto.dk\/blog\/#website\"},\"primaryImageOfPage\":{\"@id\":\"https:\/\/www.smartphoto.dk\/blog\/saaledes-kan-du-nyde-sommeren-lidt-laengere\/#primaryimage\"},\"image\":{\"@id\":\"https:\/\/www.smartphoto.dk\/blog\/saaledes-kan-du-nyde-sommeren-lidt-laengere\/#primaryimage\"},\"thumbnailUrl\":\"https:\/\/storage.googleapis.com\/smartphoto-express-production-wp-blogs-com\/14\/2020\/09\/autumn-v36_C1_720x360-e1599892301632.jpg\",\"datePublished\":\"2020-09-09T13:42:12+00:00\",\"dateModified\":\"2020-09-12T07:04:39+00:00\",\"author\":{\"@id\":\"https:\/\/www.smartphoto.dk\/blog\/#\/schema\/person\/c256b3f50ae468ee69f4b486108c797b\"},\"description\":\"Ville du \u00f8nske, at sommeren kunne vare lidt l\u00e6ngere? Forl\u00e6ng sommeren og giv nyt liv til dine smukkeste sommerbilleder p\u00e5 smarte m\u00e5der!\",\"breadcrumb\":{\"@id\":\"https:\/\/www.smartphoto.dk\/blog\/saaledes-kan-du-nyde-sommeren-lidt-laengere\/#breadcrumb\"},\"inLanguage\":\"da-DK\",\"potentialAction\":[{\"@type\":\"ReadAction\",\"target\":[\"https:\/\/www.smartphoto.dk\/blog\/saaledes-kan-du-nyde-sommeren-lidt-laengere\/\"]}]},{\"@type\":\"ImageObject\",\"inLanguage\":\"da-DK\",\"@id\":\"https:\/\/www.smartphoto.dk\/blog\/saaledes-kan-du-nyde-sommeren-lidt-laengere\/#primaryimage\",\"url\":\"https:\/\/storage.googleapis.com\/smartphoto-express-production-wp-blogs-com\/14\/2020\/09\/autumn-v36_C1_720x360-e1599892301632.jpg\",\"contentUrl\":\"https:\/\/storage.googleapis.com\/smartphoto-express-production-wp-blogs-com\/14\/2020\/09\/autumn-v36_C1_720x360-e1599892301632.jpg\",\"width\":716,\"height\":349,\"caption\":\"S\u00e5ledes kan du nyde sommeren lidt l\u00e6ngere!\"},{\"@type\":\"BreadcrumbList\",\"@id\":\"https:\/\/www.smartphoto.dk\/blog\/saaledes-kan-du-nyde-sommeren-lidt-laengere\/#breadcrumb\",\"itemListElement\":[{\"@type\":\"ListItem\",\"position\":1,\"name\":\"Home\",\"item\":\"\/blog\/\"},{\"@type\":\"ListItem\",\"position\":2,\"name\":\"S\u00e5ledes kan du nyde sommeren lidt l\u00e6ngere!\"}]},{\"@type\":\"WebSite\",\"@id\":\"https:\/\/www.smartphoto.dk\/blog\/#website\",\"url\":\"https:\/\/www.smartphoto.dk\/blog\/\",\"name\":\"smartphotoblog Inspiration - Foto tips - DIY\",\"description\":\"smartphotoblog Inspiration - Foto tips - DIY\",\"potentialAction\":[{\"@type\":\"SearchAction\",\"target\":{\"@type\":\"EntryPoint\",\"urlTemplate\":\"https:\/\/www.smartphoto.dk\/blog\/?s={search_term_string}\"},\"query-input\":{\"@type\":\"PropertyValueSpecification\",\"valueRequired\":true,\"valueName\":\"search_term_string\"}}],\"inLanguage\":\"da-DK\"},{\"@type\":\"Person\",\"@id\":\"https:\/\/www.smartphoto.dk\/blog\/#\/schema\/person\/c256b3f50ae468ee69f4b486108c797b\",\"name\":\"admin\",\"image\":{\"@type\":\"ImageObject\",\"inLanguage\":\"da-DK\",\"@id\":\"https:\/\/www.smartphoto.dk\/blog\/#\/schema\/person\/image\/\",\"url\":\"https:\/\/secure.gravatar.com\/avatar\/8f9488249a21b1f2cc85dc7982dc95c4?s=96&d=mm&r=g\",\"contentUrl\":\"https:\/\/secure.gravatar.com\/avatar\/8f9488249a21b1f2cc85dc7982dc95c4?s=96&d=mm&r=g\",\"caption\":\"admin\"},\"url\":\"https:\/\/www.smartphoto.dk\/blog\/author\/admin\/\"}]}<\/script>\n<!-- \/ Yoast SEO plugin. -->","yoast_head_json":{"title":"S\u00e5ledes kan du nyde sommeren lidt l\u00e6ngere! - smartphotoblog Inspiration - Foto tips - DIY","description":"Ville du \u00f8nske, at sommeren kunne vare lidt l\u00e6ngere? Forl\u00e6ng sommeren og giv nyt liv til dine smukkeste sommerbilleder p\u00e5 smarte m\u00e5der!","robots":{"index":"index","follow":"follow","max-snippet":"max-snippet:-1","max-image-preview":"max-image-preview:large","max-video-preview":"max-video-preview:-1"},"canonical":"https:\/\/www.smartphoto.dk\/blog\/saaledes-kan-du-nyde-sommeren-lidt-laengere\/","og_locale":"da_DK","og_type":"article","og_title":"S\u00e5ledes kan du nyde sommeren lidt l\u00e6ngere! - smartphotoblog Inspiration - Foto tips - DIY","og_description":"Ville du \u00f8nske, at sommeren kunne vare lidt l\u00e6ngere? Forl\u00e6ng sommeren og giv nyt liv til dine smukkeste sommerbilleder p\u00e5 smarte m\u00e5der!","og_url":"\/blog\/saaledes-kan-du-nyde-sommeren-lidt-laengere\/","og_site_name":"smartphotoblog Inspiration - Foto tips - DIY","article_published_time":"2020-09-09T13:42:12+00:00","article_modified_time":"2020-09-12T07:04:39+00:00","og_image":[{"width":716,"height":349,"url":"https:\/\/storage.googleapis.com\/smartphoto-express-production-wp-blogs-com\/14\/2020\/09\/autumn-v36_C1_720x360-e1599892301632.jpg","type":"image\/jpeg"}],"author":"admin","twitter_card":"summary_large_image","twitter_misc":{"Written by":"admin","Est. reading time":"1 minute"},"schema":{"@context":"https:\/\/schema.org","@graph":[{"@type":"WebPage","@id":"\/blog\/saaledes-kan-du-nyde-sommeren-lidt-laengere\/","url":"https:\/\/www.smartphoto.dk\/blog\/saaledes-kan-du-nyde-sommeren-lidt-laengere\/","name":"S\u00e5ledes kan du nyde sommeren lidt l\u00e6ngere! - smartphotoblog Inspiration - Foto tips - DIY","isPartOf":{"@id":"https:\/\/www.smartphoto.dk\/blog\/#website"},"primaryImageOfPage":{"@id":"https:\/\/www.smartphoto.dk\/blog\/saaledes-kan-du-nyde-sommeren-lidt-laengere\/#primaryimage"},"image":{"@id":"https:\/\/www.smartphoto.dk\/blog\/saaledes-kan-du-nyde-sommeren-lidt-laengere\/#primaryimage"},"thumbnailUrl":"https:\/\/storage.googleapis.com\/smartphoto-express-production-wp-blogs-com\/14\/2020\/09\/autumn-v36_C1_720x360-e1599892301632.jpg","datePublished":"2020-09-09T13:42:12+00:00","dateModified":"2020-09-12T07:04:39+00:00","author":{"@id":"https:\/\/www.smartphoto.dk\/blog\/#\/schema\/person\/c256b3f50ae468ee69f4b486108c797b"},"description":"Ville du \u00f8nske, at sommeren kunne vare lidt l\u00e6ngere? Forl\u00e6ng sommeren og giv nyt liv til dine smukkeste sommerbilleder p\u00e5 smarte m\u00e5der!","breadcrumb":{"@id":"https:\/\/www.smartphoto.dk\/blog\/saaledes-kan-du-nyde-sommeren-lidt-laengere\/#breadcrumb"},"inLanguage":"da-DK","potentialAction":[{"@type":"ReadAction","target":["https:\/\/www.smartphoto.dk\/blog\/saaledes-kan-du-nyde-sommeren-lidt-laengere\/"]}]},{"@type":"ImageObject","inLanguage":"da-DK","@id":"https:\/\/www.smartphoto.dk\/blog\/saaledes-kan-du-nyde-sommeren-lidt-laengere\/#primaryimage","url":"https:\/\/storage.googleapis.com\/smartphoto-express-production-wp-blogs-com\/14\/2020\/09\/autumn-v36_C1_720x360-e1599892301632.jpg","contentUrl":"https:\/\/storage.googleapis.com\/smartphoto-express-production-wp-blogs-com\/14\/2020\/09\/autumn-v36_C1_720x360-e1599892301632.jpg","width":716,"height":349,"caption":"S\u00e5ledes kan du nyde sommeren lidt l\u00e6ngere!"},{"@type":"BreadcrumbList","@id":"https:\/\/www.smartphoto.dk\/blog\/saaledes-kan-du-nyde-sommeren-lidt-laengere\/#breadcrumb","itemListElement":[{"@type":"ListItem","position":1,"name":"Home","item":"\/blog\/"},{"@type":"ListItem","position":2,"name":"S\u00e5ledes kan du nyde sommeren lidt l\u00e6ngere!"}]},{"@type":"WebSite","@id":"https:\/\/www.smartphoto.dk\/blog\/#website","url":"https:\/\/www.smartphoto.dk\/blog\/","name":"smartphotoblog Inspiration - Foto tips - DIY","description":"smartphotoblog Inspiration - Foto tips - DIY","potentialAction":[{"@type":"SearchAction","target":{"@type":"EntryPoint","urlTemplate":"https:\/\/www.smartphoto.dk\/blog\/?s={search_term_string}"},"query-input":{"@type":"PropertyValueSpecification","valueRequired":true,"valueName":"search_term_string"}}],"inLanguage":"da-DK"},{"@type":"Person","@id":"https:\/\/www.smartphoto.dk\/blog\/#\/schema\/person\/c256b3f50ae468ee69f4b486108c797b","name":"admin","image":{"@type":"ImageObject","inLanguage":"da-DK","@id":"https:\/\/www.smartphoto.dk\/blog\/#\/schema\/person\/image\/","url":"https:\/\/secure.gravatar.com\/avatar\/8f9488249a21b1f2cc85dc7982dc95c4?s=96&d=mm&r=g","contentUrl":"https:\/\/secure.gravatar.com\/avatar\/8f9488249a21b1f2cc85dc7982dc95c4?s=96&d=mm&r=g","caption":"admin"},"url":"https:\/\/www.smartphoto.dk\/blog\/author\/admin\/"}]}},"_links":{"self":[{"href":"https:\/\/www.smartphoto.dk\/blog\/wp-json\/wp\/v2\/posts\/900","targetHints":{"allow":["GET"]}}],"collection":[{"href":"https:\/\/www.smartphoto.dk\/blog\/wp-json\/wp\/v2\/posts"}],"about":[{"href":"https:\/\/www.smartphoto.dk\/blog\/wp-json\/wp\/v2\/types\/post"}],"author":[{"embeddable":true,"href":"https:\/\/www.smartphoto.dk\/blog\/wp-json\/wp\/v2\/users\/1"}],"replies":[{"embeddable":true,"href":"https:\/\/www.smartphoto.dk\/blog\/wp-json\/wp\/v2\/comments?post=900"}],"version-history":[{"count":3,"href":"https:\/\/www.smartphoto.dk\/blog\/wp-json\/wp\/v2\/posts\/900\/revisions"}],"predecessor-version":[{"id":904,"href":"https:\/\/www.smartphoto.dk\/blog\/wp-json\/wp\/v2\/posts\/900\/revisions\/904"}],"wp:featuredmedia":[{"embeddable":true,"href":"https:\/\/www.smartphoto.dk\/blog\/wp-json\/wp\/v2\/media\/889"}],"wp:attachment":[{"href":"https:\/\/www.smartphoto.dk\/blog\/wp-json\/wp\/v2\/media?parent=900"}],"wp:term":[{"taxonomy":"category","embeddable":true,"href":"https:\/\/www.smartphoto.dk\/blog\/wp-json\/wp\/v2\/categories?post=900"},{"taxonomy":"post_tag","embeddable":true,"href":"https:\/\/www.smartphoto.dk\/blog\/wp-json\/wp\/v2\/tags?post=900"}],"curies":[{"name":"wp","href":"https:\/\/api.w.org\/{rel}","templated":true}]}}