{"id":66,"date":"2020-05-18T09:11:17","date_gmt":"2020-05-18T07:11:17","guid":{"rendered":"\/blog\/?p=66"},"modified":"2020-05-18T09:11:19","modified_gmt":"2020-05-18T07:11:19","slug":"fodselsdag","status":"publish","type":"post","link":"https:\/\/www.smartphoto.dk\/blog\/fodselsdag\/","title":{"rendered":"S\u00e5dan ordner man \u00e5rets fineste f\u00f8dselsdagsfest!"},"content":{"rendered":"\n<p><em>En rigtig professionel n\u00e5r det kommer til f\u00f8dselsdagsfester er helt klart bloggeren&nbsp;<strong>Emily \u00d6dmark<\/strong>, der blogger p\u00e5 <a href=\"http:\/\/emilysliv.se\">emilysliv.se<\/a>.&nbsp;Emily &#8211; og hendes s\u00f8ster &#8211; arrangerer bare den absolut s\u00f8deste f\u00f8dselsdagsfest, vi nogen sinde har set til lille Almas 1. f\u00f8dselsdag. En rosaskinnende fest med vidunderlige detaljer, der gav festen &#8220;det lille ekstra&#8221;. Med et klart farvetema &#8211; guld og rosa &#8211; fantastiske billeder af Alma trykt p\u00e5 matchende klisterm\u00e6rker, flaskeetiketter, slikposer og vimpler i loftet kan vi ikke undg\u00e5 at blive imponeret over hvor smukt det blev!<\/em><\/p>\n\n\n\n<p>Vi p\u00e5 smartphoto fik muligheden for at f\u00f8lge festen gennem alle de fantastiske billeder. Vi deler ogs\u00e5 alle tip og smukke detaljer, som Emily har brugt til at skabe dette \u00e5rs f\u00f8dselsdagsfest! V\u00e6rsgo!<\/p>\n\n\n\n<h2 class=\"wp-block-heading\">F<strong>\u00f8dselsdagsfest &#8211; S\u00e6t hovedpersonen p\u00e5 en smuk flaskeetikette!<\/strong><\/h2>\n\n\n\n<figure class=\"wp-block-image size-large\"><a href=\"http:\/\/https:\/\/www.smartphoto.se\/fotopresenter\/flasketikett\"><img loading=\"lazy\" decoding=\"async\" width=\"720\" height=\"360\" src=\"https:\/\/storage.googleapis.com\/smartphoto-express-production-wp-blogs-com\/14\/2020\/05\/flasketikett.jpg\" alt=\"\" class=\"wp-image-632\" srcset=\"https:\/\/storage.googleapis.com\/smartphoto-express-production-wp-blogs-com\/14\/2020\/05\/flasketikett.jpg 720w, https:\/\/storage.googleapis.com\/smartphoto-express-production-wp-blogs-com\/14\/2020\/05\/flasketikett-300x150.jpg 300w\" sizes=\"auto, (max-width: 720px) 100vw, 720px\" \/><\/a><\/figure>\n\n\n\n<p>Personlige flaskeetiketter er en detalje, der g\u00f8r &#8220;det lille ekstra&#8221; for hver f\u00f8dselsdagsfest. V\u00e6r kreativ, og v\u00e6lg de billeder, du \u00f8nsker, sammen med det design, der bedst passer til din fest. Fylder barnet \u00e5r og elsker Spiderman? Tag et billede af dit barn i Spider-Man kostume og bestil flaskeetiketter og lav Spider-Man juice. Det bliver garanteret et hit for b\u00e5de b\u00f8rn og voksne!<\/p>\n\n\n\n<h2 class=\"wp-block-heading\"><strong>Produktinformation Flaskettiketter<\/strong><\/h2>\n\n\n\n<ul class=\"wp-block-list\"><li>S\u00e6t med 6 selvkl\u00e6bende etiketter<\/li><li>Tilf\u00f8j billeder og tekst, design hver etikette individuelt<\/li><li>Flaskem\u00e6rkater i fire farver<\/li><li>Produktm\u00e5l: 12 cm (h\u00f8jde) x 12 cm (bredde)<\/li><\/ul>\n\n\n\n<p>Pris: 69:-<br> <a href=\"https:\/\/www.smartphoto.dk\/lav-noget-sjovt\/flaskeetiket\">Bestil flaskettiketter her<\/a><\/p>\n\n\n\n<h2 class=\"wp-block-heading\"><strong>F\u00e5 en rigtig f\u00f8dselsdagsf\u00f8lelse med vimpler<\/strong><\/h2>\n\n\n\n<figure class=\"wp-block-image size-large\"><a href=\"https:\/\/www.smartphoto.se\/fotopresenter\/vimplar\"><img loading=\"lazy\" decoding=\"async\" width=\"720\" height=\"360\" src=\"https:\/\/storage.googleapis.com\/smartphoto-express-production-wp-blogs-com\/14\/2020\/05\/vimplar.jpg\" alt=\"\" class=\"wp-image-633\" srcset=\"https:\/\/storage.googleapis.com\/smartphoto-express-production-wp-blogs-com\/14\/2020\/05\/vimplar.jpg 720w, https:\/\/storage.googleapis.com\/smartphoto-express-production-wp-blogs-com\/14\/2020\/05\/vimplar-300x150.jpg 300w\" sizes=\"auto, (max-width: 720px) 100vw, 720px\" \/><\/a><\/figure>\n\n\n\n<p>Tjek disse vimpler! Personaliseret med b\u00e5de billede, tekst og et stilfuldt design, der passer til temaet for f\u00f8dselsdagsfesten. N\u00e5r du laver dine vimpler, kan du nemt v\u00e6lge mellem 16 af de samme eller fremstille forskellige, som Emily gjorde med disse til Almas fest. Der er utallige muligheder og det er perfekt til f\u00f8dselsdagsfester. Emily valgte vores stilfulde design til &#8220;f\u00f8rste f\u00f8dselsdag&#8221;, som du finder <a href=\"https:\/\/www.smartphoto.se\/speciella-tillfallen\/fira-fodelsedag\/designselection.aspx?dg=numberone\">her<\/a>.<\/p>\n\n\n\n<h2 class=\"wp-block-heading\"><strong>Produktinformation Vimpler<\/strong><\/h2>\n\n\n\n<ul class=\"wp-block-list\"><li>16 papirvimpler, print p\u00e5 begge sider.<\/li><li>Skab 16 forskellige vimpler<\/li><li>Let montering: 4 perforerede papirark med 4 flag p\u00e5 hvert.<\/li><li>Produktm\u00e5l: 20,3 cm (h\u00f8jde) x 14,1 cm (bredde) x 0,05 cm (dybde)<\/li><\/ul>\n\n\n\n<p>Pris: 139:-<br> <a href=\"https:\/\/www.smartphoto.dk\/lav-noget-sjovt\/vimpler\">Bestil vimpler her<\/a><\/p>\n\n\n\n<h2 class=\"wp-block-heading\"><strong>Personlig g\u00e6stebog, som alle vil skrive i<\/strong><\/h2>\n\n\n\n<figure class=\"wp-block-image size-large\"><a href=\"http:\/\/https:\/\/www.smartphoto.se\/fotopresenter\/gastbok\"><img loading=\"lazy\" decoding=\"async\" width=\"720\" height=\"360\" src=\"https:\/\/storage.googleapis.com\/smartphoto-express-production-wp-blogs-com\/14\/2020\/05\/G\u00e4stbok.jpg\" alt=\"\" class=\"wp-image-634\" srcset=\"https:\/\/storage.googleapis.com\/smartphoto-express-production-wp-blogs-com\/14\/2020\/05\/G\u00e4stbok.jpg 720w, https:\/\/storage.googleapis.com\/smartphoto-express-production-wp-blogs-com\/14\/2020\/05\/G\u00e4stbok-300x150.jpg 300w\" sizes=\"auto, (max-width: 720px) 100vw, 720px\" \/><\/a><\/figure>\n\n\n\n<p>G\u00e6stebogen er en klassiker, der h\u00f8rer til f\u00f8dselsdagsfesten. B\u00f8rn kan tegne, og de voksne kan skrive en hilsen til f\u00f8dselsdagsbarnet. Se, hvor p\u00e6nt det ser ud, n\u00e5r du l\u00e6gger et billede foran p\u00e5 g\u00e6stebogen! Afh\u00e6ngig af designet kan du ogs\u00e5 tilf\u00f8je billeder og tekst p\u00e5 indersiden af g\u00e6stebogen, n\u00e5r du bestiller p\u00e5 smartphoto. Personligt, godt og perfekt til alle f\u00f8dselsdagsfester. Match med temaet, som Emily har gjort med den lyser\u00f8de tekst &#8211; og et fantastisk billede af Alma &#8211; s\u00e5 er alt i havn!<\/p>\n\n\n\n<h2 class=\"wp-block-heading\"><strong>Produktinformation G\u00e6stebog<\/strong><\/h2>\n\n\n\n<ul class=\"wp-block-list\"><li>H\u00e6fte med personligt omslag og sider<\/li><li>Introduktionsside til information om festen eller et digt<\/li><li>64 sider at skrive p\u00e5<\/li><li>Hvidt gennemsigtigt beskyttelsesomslag<\/li><li>Metalspiralbinding g\u00f8r den nem at bladre i<\/li><li>Produktm\u00e5l: 15 cm (h\u00f8jde) x 14 cm (bredde)<\/li><\/ul>\n\n\n\n<p>Pris: 199:-<br> <a href=\"https:\/\/www.smartphoto.dk\/lav-noget-sjovt\/gaestebog\">Bestil G\u00e6stebogen her<\/a><\/p>\n\n\n\n<h2 class=\"wp-block-heading\"><strong>Skab den r\u00f8de tr\u00e5d med dekorationsklisterm\u00e6rker<\/strong><\/h2>\n\n\n\n<h2 class=\"wp-block-heading\"><a href=\"http:\/\/https:\/\/www.smartphoto.se\/fotopresenter\/dekorationsklistermarken\"><\/a><\/h2>\n\n\n\n<p>Se, hvor p\u00e6nt det kan blive med dekorationsklisterm\u00e6rker p\u00e5 en serviet! Det er umuligt at overse, at det var Alma, der fyldte \u00e5r, og med en s\u00e5dan detalje f\u00e5r du virkelig f\u00f8lelsen af den r\u00f8de tr\u00e5d gennem hele f\u00f8dselsdagsfesten!<\/p>\n\n\n\n<h2 class=\"wp-block-heading\"><strong>Produktinformation Dekorationsklisterm\u00e6rker<\/strong><\/h2>\n\n\n\n<ul class=\"wp-block-list\"><li>Blank overflade<\/li><li>Selvkl\u00e6bende papir<\/li><li>Du f\u00e5r 24 identiske klisterm\u00e6rker<\/li><li>Produktm\u00e5l: 4 cm (h\u00f8jde) x 4 cm (bredde)<\/li><\/ul>\n\n\n\n<p>Pris: 59:-<br> <a href=\"https:\/\/www.smartphoto.dk\/lav-noget-sjovt\/dekorationsklistermaerker\">Bestil dekorationsklisterm\u00e6rkerne her<\/a><\/p>\n\n\n\n<h2 class=\"wp-block-heading\"><strong>Skab slikposer med stil<\/strong><\/h2>\n\n\n\n<figure class=\"wp-block-image size-large\"><a href=\"http:\/\/https:\/\/www.smartphoto.se\/fotopresenter\/godis-pasar\"><img loading=\"lazy\" decoding=\"async\" width=\"720\" height=\"360\" src=\"https:\/\/storage.googleapis.com\/smartphoto-express-production-wp-blogs-com\/14\/2020\/05\/Godisp\u00e5sar.jpg\" alt=\"\" class=\"wp-image-635\" srcset=\"https:\/\/storage.googleapis.com\/smartphoto-express-production-wp-blogs-com\/14\/2020\/05\/Godisp\u00e5sar.jpg 720w, https:\/\/storage.googleapis.com\/smartphoto-express-production-wp-blogs-com\/14\/2020\/05\/Godisp\u00e5sar-300x150.jpg 300w\" sizes=\"auto, (max-width: 720px) 100vw, 720px\" \/><\/a><\/figure>\n\n\n\n<p>Emily har virkelig t\u00e6nkt p\u00e5 alt for at skabe et klart tema og vise, hvordan man f\u00e5r et personligt pr\u00e6g p\u00e5 de mindste ting til f\u00f8dselsdagsfesten. Tjek disse slikposer, hun lavede med et billede af Alma. Du kan ogs\u00e5 fylde poserne med andre sjove ting som n\u00f8dder eller sm\u00e5 stykker leget\u00f8j. N\u00e5r der skal leges fiskedam p\u00e5 f\u00f8dselsdagsfesten, er poserne i perfekt st\u00f8rrelse og lette at fastg\u00f8re p\u00e5 fiskestangen!<\/p>\n\n\n\n<h2 class=\"wp-block-heading\"><strong>Produktinformation Slikposer<\/strong><\/h2>\n\n\n\n<ul class=\"wp-block-list\"><li>S\u00e6t med 24 cellofanposer og 24 kort<\/li><li>Du s\u00e6tter selv poserne sammen med kortene, n\u00e5r du f\u00e5r produkterne hjem<\/li><li>Kort (foldet): 5,5 cm (h\u00f8jde) x 8,5 cm (bredde)<\/li><li>Pose: 13 cm (h\u00f8jde) x 8,5 cm (bredde) x 3 cm (dybde)<\/li><\/ul>\n\n\n\n<p>Pris 109:-<br> <a href=\"https:\/\/www.smartphoto.dk\/lav-noget-sjovt\/slikposer\">Bestil slikposer her<\/a><\/p>\n\n\n\n<p>Festen kan foreg\u00e5 p\u00e5 uendelig mange m\u00e5der, og <a href=\"https:\/\/www.smartphoto.se\/blogg?s=kalas\">her<\/a> finder du vores andre indl\u00e6g med tips og kneb til din f\u00f8dselsdagsfest. Og hvis du allerede har masser af egne ideer, har vi gjort det ekstra let og samlet alle de fotoprodukter, der h\u00f8rer til festen <a href=\"https:\/\/www.smartphoto.se\/speciella-tillfallen\/fira-fodelsedag\">her<\/a>.<br> Det vigtigste er, at det passer dig, og frem for alt, at det bliver en sjov fest. Har du dine egne tips, som vi har overset?<\/p>\n\n\n\n<p>Held og lykke, og glem ikke kagen!<\/p>\n","protected":false},"excerpt":{"rendered":"<p>En rigtig professionel n\u00e5r det kommer til f\u00f8dselsdagsfester er helt klart bloggeren&nbsp;Emily \u00d6dmark, der blogger p\u00e5 emilysliv.se.&nbsp;Emily &#8211; og hendes s\u00f8ster &#8211; arrangerer bare den absolut s\u00f8deste f\u00f8dselsdagsfest, vi nogen sinde har set til lille Almas 1. f\u00f8dselsdag. En rosaskinnende fest med vidunderlige detaljer, der gav festen &#8220;det lille ekstra&#8221;. Med et klart farvetema &#8211; guld og rosa &#8211; fantastiske billeder af Alma trykt p\u00e5 matchende klisterm\u00e6rker, flaskeetiketter, slikposer og vimpler i loftet kan vi ikke undg\u00e5 at blive imponeret over hvor smukt det blev! Vi p\u00e5 smartphoto fik muligheden for at f\u00f8lge festen gennem alle de fantastiske billeder. Vi<\/p>\n","protected":false},"author":1,"featured_media":67,"comment_status":"open","ping_status":"open","sticky":false,"template":"","format":"standard","meta":{"om_disable_all_campaigns":false,"_monsterinsights_skip_tracking":false,"_monsterinsights_sitenote_active":false,"_monsterinsights_sitenote_note":"","_monsterinsights_sitenote_category":0,"footnotes":""},"categories":[6],"tags":[],"class_list":["post-66","post","type-post","status-publish","format-standard","has-post-thumbnail","hentry","category-inspiration"],"yoast_head":"<!-- This site is optimized with the Yoast SEO plugin v23.8 - https:\/\/yoast.com\/wordpress\/plugins\/seo\/ -->\n<title>S\u00e5dan ordner man \u00e5rets fineste f\u00f8dselsdagsfest - Smartphoto.dk<\/title>\n<meta name=\"description\" content=\"S\u00e5 skal der festes, men du mangler inspiration? Tjek vores indl\u00e6g om, hvordan du kan fikse detaljerne i dette \u00e5rs f\u00f8dselsdagsfest p\u00e5 en sjov og kreativ m\u00e5de! S\u00e5dan ordnes \u00e5rets fineste f\u00f8dselsdagsfest!\" \/>\n<meta name=\"robots\" content=\"index, follow, max-snippet:-1, max-image-preview:large, max-video-preview:-1\" \/>\n<link rel=\"canonical\" href=\"https:\/\/www.smartphoto.dk\/blog\/fodselsdag\/\" \/>\n<meta property=\"og:locale\" content=\"da_DK\" \/>\n<meta property=\"og:type\" content=\"article\" \/>\n<meta property=\"og:title\" content=\"S\u00e5dan ordner man \u00e5rets fineste f\u00f8dselsdagsfest - Smartphoto.dk\" \/>\n<meta property=\"og:description\" content=\"S\u00e5 skal der festes, men du mangler inspiration? Tjek vores indl\u00e6g om, hvordan du kan fikse detaljerne i dette \u00e5rs f\u00f8dselsdagsfest p\u00e5 en sjov og kreativ m\u00e5de! S\u00e5dan ordnes \u00e5rets fineste f\u00f8dselsdagsfest!\" \/>\n<meta property=\"og:url\" content=\"\/blog\/fodselsdag\/\" \/>\n<meta property=\"og:site_name\" content=\"smartphotoblog Inspiration - Foto tips - DIY\" \/>\n<meta property=\"article:published_time\" content=\"2020-05-18T07:11:17+00:00\" \/>\n<meta property=\"article:modified_time\" content=\"2020-05-18T07:11:19+00:00\" \/>\n<meta property=\"og:image\" content=\"https:\/\/storage.googleapis.com\/smartphoto-express-production-wp-blogs-com\/14\/2019\/08\/flasketikett_1.jpg\" \/>\n\t<meta property=\"og:image:width\" content=\"720\" \/>\n\t<meta property=\"og:image:height\" content=\"360\" \/>\n\t<meta property=\"og:image:type\" content=\"image\/jpeg\" \/>\n<meta name=\"author\" content=\"admin\" \/>\n<meta name=\"twitter:card\" content=\"summary_large_image\" \/>\n<meta name=\"twitter:label1\" content=\"Written by\" \/>\n\t<meta name=\"twitter:data1\" content=\"admin\" \/>\n\t<meta name=\"twitter:label2\" content=\"Est. reading time\" \/>\n\t<meta name=\"twitter:data2\" content=\"4 minutes\" \/>\n<script type=\"application\/ld+json\" class=\"yoast-schema-graph\">{\"@context\":\"https:\/\/schema.org\",\"@graph\":[{\"@type\":\"WebPage\",\"@id\":\"\/blog\/fodselsdag\/\",\"url\":\"https:\/\/www.smartphoto.dk\/blog\/fodselsdag\/\",\"name\":\"S\u00e5dan ordner man \u00e5rets fineste f\u00f8dselsdagsfest - Smartphoto.dk\",\"isPartOf\":{\"@id\":\"https:\/\/www.smartphoto.dk\/blog\/#website\"},\"primaryImageOfPage\":{\"@id\":\"https:\/\/www.smartphoto.dk\/blog\/fodselsdag\/#primaryimage\"},\"image\":{\"@id\":\"https:\/\/www.smartphoto.dk\/blog\/fodselsdag\/#primaryimage\"},\"thumbnailUrl\":\"https:\/\/storage.googleapis.com\/smartphoto-express-production-wp-blogs-com\/14\/2019\/08\/flasketikett_1.jpg\",\"datePublished\":\"2020-05-18T07:11:17+00:00\",\"dateModified\":\"2020-05-18T07:11:19+00:00\",\"author\":{\"@id\":\"https:\/\/www.smartphoto.dk\/blog\/#\/schema\/person\/c256b3f50ae468ee69f4b486108c797b\"},\"description\":\"S\u00e5 skal der festes, men du mangler inspiration? Tjek vores indl\u00e6g om, hvordan du kan fikse detaljerne i dette \u00e5rs f\u00f8dselsdagsfest p\u00e5 en sjov og kreativ m\u00e5de! S\u00e5dan ordnes \u00e5rets fineste f\u00f8dselsdagsfest!\",\"breadcrumb\":{\"@id\":\"https:\/\/www.smartphoto.dk\/blog\/fodselsdag\/#breadcrumb\"},\"inLanguage\":\"da-DK\",\"potentialAction\":[{\"@type\":\"ReadAction\",\"target\":[\"https:\/\/www.smartphoto.dk\/blog\/fodselsdag\/\"]}]},{\"@type\":\"ImageObject\",\"inLanguage\":\"da-DK\",\"@id\":\"https:\/\/www.smartphoto.dk\/blog\/fodselsdag\/#primaryimage\",\"url\":\"https:\/\/storage.googleapis.com\/smartphoto-express-production-wp-blogs-com\/14\/2019\/08\/flasketikett_1.jpg\",\"contentUrl\":\"https:\/\/storage.googleapis.com\/smartphoto-express-production-wp-blogs-com\/14\/2019\/08\/flasketikett_1.jpg\",\"width\":720,\"height\":360},{\"@type\":\"BreadcrumbList\",\"@id\":\"https:\/\/www.smartphoto.dk\/blog\/fodselsdag\/#breadcrumb\",\"itemListElement\":[{\"@type\":\"ListItem\",\"position\":1,\"name\":\"Home\",\"item\":\"\/blog\/\"},{\"@type\":\"ListItem\",\"position\":2,\"name\":\"S\u00e5dan ordner man \u00e5rets fineste f\u00f8dselsdagsfest!\"}]},{\"@type\":\"WebSite\",\"@id\":\"https:\/\/www.smartphoto.dk\/blog\/#website\",\"url\":\"https:\/\/www.smartphoto.dk\/blog\/\",\"name\":\"smartphotoblog Inspiration - Foto tips - DIY\",\"description\":\"smartphotoblog Inspiration - Foto tips - DIY\",\"potentialAction\":[{\"@type\":\"SearchAction\",\"target\":{\"@type\":\"EntryPoint\",\"urlTemplate\":\"https:\/\/www.smartphoto.dk\/blog\/?s={search_term_string}\"},\"query-input\":{\"@type\":\"PropertyValueSpecification\",\"valueRequired\":true,\"valueName\":\"search_term_string\"}}],\"inLanguage\":\"da-DK\"},{\"@type\":\"Person\",\"@id\":\"https:\/\/www.smartphoto.dk\/blog\/#\/schema\/person\/c256b3f50ae468ee69f4b486108c797b\",\"name\":\"admin\",\"image\":{\"@type\":\"ImageObject\",\"inLanguage\":\"da-DK\",\"@id\":\"https:\/\/www.smartphoto.dk\/blog\/#\/schema\/person\/image\/\",\"url\":\"https:\/\/secure.gravatar.com\/avatar\/8f9488249a21b1f2cc85dc7982dc95c4?s=96&d=mm&r=g\",\"contentUrl\":\"https:\/\/secure.gravatar.com\/avatar\/8f9488249a21b1f2cc85dc7982dc95c4?s=96&d=mm&r=g\",\"caption\":\"admin\"},\"url\":\"https:\/\/www.smartphoto.dk\/blog\/author\/admin\/\"}]}<\/script>\n<!-- \/ Yoast SEO plugin. -->","yoast_head_json":{"title":"S\u00e5dan ordner man \u00e5rets fineste f\u00f8dselsdagsfest - Smartphoto.dk","description":"S\u00e5 skal der festes, men du mangler inspiration? Tjek vores indl\u00e6g om, hvordan du kan fikse detaljerne i dette \u00e5rs f\u00f8dselsdagsfest p\u00e5 en sjov og kreativ m\u00e5de! S\u00e5dan ordnes \u00e5rets fineste f\u00f8dselsdagsfest!","robots":{"index":"index","follow":"follow","max-snippet":"max-snippet:-1","max-image-preview":"max-image-preview:large","max-video-preview":"max-video-preview:-1"},"canonical":"https:\/\/www.smartphoto.dk\/blog\/fodselsdag\/","og_locale":"da_DK","og_type":"article","og_title":"S\u00e5dan ordner man \u00e5rets fineste f\u00f8dselsdagsfest - Smartphoto.dk","og_description":"S\u00e5 skal der festes, men du mangler inspiration? Tjek vores indl\u00e6g om, hvordan du kan fikse detaljerne i dette \u00e5rs f\u00f8dselsdagsfest p\u00e5 en sjov og kreativ m\u00e5de! S\u00e5dan ordnes \u00e5rets fineste f\u00f8dselsdagsfest!","og_url":"\/blog\/fodselsdag\/","og_site_name":"smartphotoblog Inspiration - Foto tips - DIY","article_published_time":"2020-05-18T07:11:17+00:00","article_modified_time":"2020-05-18T07:11:19+00:00","og_image":[{"width":720,"height":360,"url":"https:\/\/storage.googleapis.com\/smartphoto-express-production-wp-blogs-com\/14\/2019\/08\/flasketikett_1.jpg","type":"image\/jpeg"}],"author":"admin","twitter_card":"summary_large_image","twitter_misc":{"Written by":"admin","Est. reading time":"4 minutes"},"schema":{"@context":"https:\/\/schema.org","@graph":[{"@type":"WebPage","@id":"\/blog\/fodselsdag\/","url":"https:\/\/www.smartphoto.dk\/blog\/fodselsdag\/","name":"S\u00e5dan ordner man \u00e5rets fineste f\u00f8dselsdagsfest - Smartphoto.dk","isPartOf":{"@id":"https:\/\/www.smartphoto.dk\/blog\/#website"},"primaryImageOfPage":{"@id":"https:\/\/www.smartphoto.dk\/blog\/fodselsdag\/#primaryimage"},"image":{"@id":"https:\/\/www.smartphoto.dk\/blog\/fodselsdag\/#primaryimage"},"thumbnailUrl":"https:\/\/storage.googleapis.com\/smartphoto-express-production-wp-blogs-com\/14\/2019\/08\/flasketikett_1.jpg","datePublished":"2020-05-18T07:11:17+00:00","dateModified":"2020-05-18T07:11:19+00:00","author":{"@id":"https:\/\/www.smartphoto.dk\/blog\/#\/schema\/person\/c256b3f50ae468ee69f4b486108c797b"},"description":"S\u00e5 skal der festes, men du mangler inspiration? Tjek vores indl\u00e6g om, hvordan du kan fikse detaljerne i dette \u00e5rs f\u00f8dselsdagsfest p\u00e5 en sjov og kreativ m\u00e5de! S\u00e5dan ordnes \u00e5rets fineste f\u00f8dselsdagsfest!","breadcrumb":{"@id":"https:\/\/www.smartphoto.dk\/blog\/fodselsdag\/#breadcrumb"},"inLanguage":"da-DK","potentialAction":[{"@type":"ReadAction","target":["https:\/\/www.smartphoto.dk\/blog\/fodselsdag\/"]}]},{"@type":"ImageObject","inLanguage":"da-DK","@id":"https:\/\/www.smartphoto.dk\/blog\/fodselsdag\/#primaryimage","url":"https:\/\/storage.googleapis.com\/smartphoto-express-production-wp-blogs-com\/14\/2019\/08\/flasketikett_1.jpg","contentUrl":"https:\/\/storage.googleapis.com\/smartphoto-express-production-wp-blogs-com\/14\/2019\/08\/flasketikett_1.jpg","width":720,"height":360},{"@type":"BreadcrumbList","@id":"https:\/\/www.smartphoto.dk\/blog\/fodselsdag\/#breadcrumb","itemListElement":[{"@type":"ListItem","position":1,"name":"Home","item":"\/blog\/"},{"@type":"ListItem","position":2,"name":"S\u00e5dan ordner man \u00e5rets fineste f\u00f8dselsdagsfest!"}]},{"@type":"WebSite","@id":"https:\/\/www.smartphoto.dk\/blog\/#website","url":"https:\/\/www.smartphoto.dk\/blog\/","name":"smartphotoblog Inspiration - Foto tips - DIY","description":"smartphotoblog Inspiration - Foto tips - DIY","potentialAction":[{"@type":"SearchAction","target":{"@type":"EntryPoint","urlTemplate":"https:\/\/www.smartphoto.dk\/blog\/?s={search_term_string}"},"query-input":{"@type":"PropertyValueSpecification","valueRequired":true,"valueName":"search_term_string"}}],"inLanguage":"da-DK"},{"@type":"Person","@id":"https:\/\/www.smartphoto.dk\/blog\/#\/schema\/person\/c256b3f50ae468ee69f4b486108c797b","name":"admin","image":{"@type":"ImageObject","inLanguage":"da-DK","@id":"https:\/\/www.smartphoto.dk\/blog\/#\/schema\/person\/image\/","url":"https:\/\/secure.gravatar.com\/avatar\/8f9488249a21b1f2cc85dc7982dc95c4?s=96&d=mm&r=g","contentUrl":"https:\/\/secure.gravatar.com\/avatar\/8f9488249a21b1f2cc85dc7982dc95c4?s=96&d=mm&r=g","caption":"admin"},"url":"https:\/\/www.smartphoto.dk\/blog\/author\/admin\/"}]}},"_links":{"self":[{"href":"https:\/\/www.smartphoto.dk\/blog\/wp-json\/wp\/v2\/posts\/66","targetHints":{"allow":["GET"]}}],"collection":[{"href":"https:\/\/www.smartphoto.dk\/blog\/wp-json\/wp\/v2\/posts"}],"about":[{"href":"https:\/\/www.smartphoto.dk\/blog\/wp-json\/wp\/v2\/types\/post"}],"author":[{"embeddable":true,"href":"https:\/\/www.smartphoto.dk\/blog\/wp-json\/wp\/v2\/users\/1"}],"replies":[{"embeddable":true,"href":"https:\/\/www.smartphoto.dk\/blog\/wp-json\/wp\/v2\/comments?post=66"}],"version-history":[{"count":4,"href":"https:\/\/www.smartphoto.dk\/blog\/wp-json\/wp\/v2\/posts\/66\/revisions"}],"predecessor-version":[{"id":636,"href":"https:\/\/www.smartphoto.dk\/blog\/wp-json\/wp\/v2\/posts\/66\/revisions\/636"}],"wp:featuredmedia":[{"embeddable":true,"href":"https:\/\/www.smartphoto.dk\/blog\/wp-json\/wp\/v2\/media\/67"}],"wp:attachment":[{"href":"https:\/\/www.smartphoto.dk\/blog\/wp-json\/wp\/v2\/media?parent=66"}],"wp:term":[{"taxonomy":"category","embeddable":true,"href":"https:\/\/www.smartphoto.dk\/blog\/wp-json\/wp\/v2\/categories?post=66"},{"taxonomy":"post_tag","embeddable":true,"href":"https:\/\/www.smartphoto.dk\/blog\/wp-json\/wp\/v2\/tags?post=66"}],"curies":[{"name":"wp","href":"https:\/\/api.w.org\/{rel}","templated":true}]}}