{"id":1392,"date":"2021-06-30T09:52:05","date_gmt":"2021-06-30T07:52:05","guid":{"rendered":"\/blog\/?p=1392"},"modified":"2021-06-30T09:52:08","modified_gmt":"2021-06-30T07:52:08","slug":"fodselsmindebillede","status":"publish","type":"post","link":"https:\/\/www.smartphoto.dk\/blog\/fodselsmindebillede\/","title":{"rendered":"F\u00f8dselsmindebillede &#8211; Gem minder fra dit barns f\u00f8dsel p\u00e5 en kreativ m\u00e5de!"},"content":{"rendered":"\n<p><em><em>Baby shadow box eller f\u00f8dselsmindebillede er blevet rigtig popul\u00e6rt, og vi forst\u00e5r hvorfor! F\u00f8rst og fremmest er det ekstra sjovt, at du nu nemt kan skabe dit eget ved hj\u00e6lp af Smartphotos #smartphotodiy. I stedet for at l\u00e6gge alle de smukke billeder fra dit barns f\u00f8dsel og f\u00f8rste leve\u00e5r i en \u00e6ske, kan du i stedet nyde dem som en smuk indretningsdetalje. Se vores DIY<\/em>&#8211;<em>film nedenfor, for at f\u00e5 mere inspiration! Du kan ogs\u00e5 l\u00e6se vores nemme trin-for-trin-guide, for at se, hvordan du skaber dit eget mindebillede fra f\u00f8dslen eller dit barns f\u00f8rste \u00e5r.<\/em><\/em><\/p>\n\n\n\n<figure class=\"wp-block-embed is-type-video is-provider-youtube wp-block-embed-youtube wp-embed-aspect-16-9 wp-has-aspect-ratio\"><div class=\"wp-block-embed__wrapper\">\n<iframe loading=\"lazy\" title=\"F\u00f8dselsmindebillede - Gem minder fra dit barns f\u00f8dsel p\u00e5 en kreativ m\u00e5de!\" width=\"680\" height=\"383\" src=\"https:\/\/www.youtube.com\/embed\/WrrKun5AANw?feature=oembed\" frameborder=\"0\" allow=\"accelerometer; autoplay; clipboard-write; encrypted-media; gyroscope; picture-in-picture\" allowfullscreen><\/iframe>\n<\/div><\/figure>\n\n\n\n<h2 class=\"wp-block-heading\"><strong>Dette skal du bruge for at skabe dit F\u00f8dselsmindebillede:<\/strong><\/h2>\n\n\n\n<figure class=\"wp-block-image size-large\"><img loading=\"lazy\" decoding=\"async\" width=\"720\" height=\"360\" src=\"https:\/\/storage.googleapis.com\/smartphoto-express-production-wp-blogs-com\/14\/2021\/06\/Bild-4.jpg\" alt=\"Mindebillede f\u00f8dsel\" class=\"wp-image-1400\" srcset=\"https:\/\/storage.googleapis.com\/smartphoto-express-production-wp-blogs-com\/14\/2021\/06\/Bild-4.jpg 720w, https:\/\/storage.googleapis.com\/smartphoto-express-production-wp-blogs-com\/14\/2021\/06\/Bild-4-300x150.jpg 300w\" sizes=\"auto, (max-width: 720px) 100vw, 720px\" \/><\/figure>\n\n\n\n<ul class=\"wp-block-list\"><li>En ramme med en dybde p\u00e5 mindst 5 cm.<br>(Rammen som vi bruger i dette tip, er 50&#215;50 cm med en dybde p\u00e5 5 cm)<\/li><li>Flot stof eller tapet, der bliver til en baggrund i din ramme<\/li><li>Limpistol<\/li><li>Farvet papir<\/li><li>Clips, knappen\u00e5le og mini-t\u00f8jklemmer<\/li><li>Hampsnor<\/li><li>Hulslag<\/li><li>Blyant, linial og saks<\/li><\/ul>\n\n\n\n<h2 class=\"wp-block-heading\"><strong><strong>Eksempler p\u00e5 ting du kan fylde dit f\u00f8dselsmindebillede op med:<\/strong><\/strong><\/h2>\n\n\n\n<figure class=\"wp-block-image size-large\"><img loading=\"lazy\" decoding=\"async\" width=\"720\" height=\"360\" src=\"https:\/\/storage.googleapis.com\/smartphoto-express-production-wp-blogs-com\/14\/2021\/06\/Bild-5.jpg\" alt=\"Mindebillede f\u00f8dsel\" class=\"wp-image-1401\" srcset=\"https:\/\/storage.googleapis.com\/smartphoto-express-production-wp-blogs-com\/14\/2021\/06\/Bild-5.jpg 720w, https:\/\/storage.googleapis.com\/smartphoto-express-production-wp-blogs-com\/14\/2021\/06\/Bild-5-300x150.jpg 300w\" sizes=\"auto, (max-width: 720px) 100vw, 720px\" \/><\/figure>\n\n\n\n<ul class=\"wp-block-list\"><li>Ultralydsbillede &#8211; for eksempel. fremkaldt p\u00e5 <a href=\"https:\/\/www.smartphoto.dk\/billeder-plakater-fotohaefter\/billeder-pa-luksuspapir\"><\/a><a href=\"https:\/\/www.smartphoto.dk\/billeder-plakater-fotohaefter\/billeder-pa-luksuspapir\" target=\"_blank\" rel=\"noreferrer noopener\">luksus fotopapir<\/a><\/li><li>Foto af den gravide mave, og det f\u00f8rste billede af babyen \u2013 for eksempel en <a href=\"https:\/\/www.smartphoto.dk\/billeder-plakater-fotohaefter\/fotoautomat-billeder\"><\/a><a href=\"https:\/\/www.smartphoto.dk\/billeder-plakater-fotohaefter\/fotoautomat-billeder\" target=\"_blank\" rel=\"noreferrer noopener\">fotostrip<\/a> med tre billeder i samme billede: ultralydsbillede, billede af den gravide mave og det f\u00f8rste billede af babyen<\/li><li><a href=\"https:\/\/www.smartphoto.dk\/lav-noget-sjovt\/etiketter\">K<\/a><a href=\"https:\/\/www.smartphoto.dk\/lav-noget-sjovt\/etiketter\" target=\"_blank\" rel=\"noreferrer noopener\">listerm\u00e6rke<\/a> &#8211; for at p\u00e5 en flot m\u00e5de vise barnets f\u00f8dselsv\u00e6gt og l\u00e6ngde <\/li><li><a href=\"https:\/\/www.smartphoto.dk\/lav-noget-sjovt\/navnetag\"><\/a><a href=\"https:\/\/www.smartphoto.se\/fotopresenter\/namntag\" target=\"_blank\" rel=\"noreferrer noopener\">Navnetag<\/a> &#8211; en dekorativ m\u00e5de at vise barnets navn<\/li><li><a href=\"https:\/\/www.smartphoto.dk\/lav-noget-sjovt\/klistermarker-48stk\"><\/a><a href=\"https:\/\/www.smartphoto.dk\/lav-noget-sjovt\/klistermarker-48stk\" target=\"_blank\" rel=\"noreferrer noopener\">Runde klisterm\u00e6rker<\/a> at klistre p\u00e5 mini-vimplerne (et klisterm\u00e6rke per bogstav i barnets navn)<\/li><li>Takkekort f\u00f8dsel &#8211; for eksempel nogen af <a href=\"https:\/\/www.smartphoto.dk\/fotokort\/klassiske-fotokort\">disse<\/a> utrolig s\u00f8de varianter<\/li><li>F\u00f8rste babystocking &#8211; har du set, at du kan <a href=\"https:\/\/www.smartphoto.dk\/lav-noget-sjovt\/baby-body\"><\/a><a href=\"https:\/\/www.smartphoto.dk\/lav-noget-sjovt\/baby-body\" target=\"_blank\" rel=\"noreferrer noopener\">skabe dit eget design<\/a> hos Smartphoto? <\/li><li>F\u00f8rste sko&nbsp;<\/li><li>Hospitals-armb\u00e5ndet<\/li><li>En sut<\/li><\/ul>\n\n\n\n<h2 class=\"wp-block-heading\">S\u00e5dan g\u00f8r man:<\/h2>\n\n\n\n<figure class=\"wp-block-image size-large\"><img loading=\"lazy\" decoding=\"async\" width=\"720\" height=\"360\" src=\"https:\/\/storage.googleapis.com\/smartphoto-express-production-wp-blogs-com\/14\/2021\/06\/Bild-3-1.jpg\" alt=\"Mindebillede f\u00f8dsel\" class=\"wp-image-1402\" srcset=\"https:\/\/storage.googleapis.com\/smartphoto-express-production-wp-blogs-com\/14\/2021\/06\/Bild-3-1.jpg 720w, https:\/\/storage.googleapis.com\/smartphoto-express-production-wp-blogs-com\/14\/2021\/06\/Bild-3-1-300x150.jpg 300w\" sizes=\"auto, (max-width: 720px) 100vw, 720px\" \/><\/figure>\n\n\n\n<p>Du kan for eksempel starte med at v\u00e6lge, hvilken baggrund du vil have p\u00e5 dit billede. Du kan blandt andet bekl\u00e6de bagstykket i stof (vi valgte hvidt bomuldsstof) eller tapetsere det med det tapet I har i b\u00f8rnev\u00e6relset. Derefter begynder det sjove arbejde med at skabe alle de detaljer, der g\u00f8r dit billede b\u00e5de personligt og smukt.<\/p>\n\n\n\n<h2 class=\"wp-block-heading\">S\u00e5dan g\u00f8r man:<\/h2>\n\n\n\n<h3 class=\"wp-block-heading\">1. Skab en mini-vimpel med barnets navn<\/h3>\n\n\n\n<figure class=\"wp-block-image size-large\"><img loading=\"lazy\" decoding=\"async\" width=\"720\" height=\"360\" src=\"https:\/\/storage.googleapis.com\/smartphoto-express-production-wp-blogs-com\/14\/2021\/06\/Bild-6-vimplar.jpg\" alt=\"Mindebillede f\u00f8dsel\" class=\"wp-image-1403\" srcset=\"https:\/\/storage.googleapis.com\/smartphoto-express-production-wp-blogs-com\/14\/2021\/06\/Bild-6-vimplar.jpg 720w, https:\/\/storage.googleapis.com\/smartphoto-express-production-wp-blogs-com\/14\/2021\/06\/Bild-6-vimplar-300x150.jpg 300w\" sizes=\"auto, (max-width: 720px) 100vw, 720px\" \/><\/figure>\n\n\n\n<p>Det er rigtig flot at skabe en minivimpel at s\u00e6tte som en overskrift p\u00e5 dit billede. Vi valgte et lidt kraftigere, farvet papir og skabte derefter <a href=\"https:\/\/www.smartphoto.dk\/produkter\/designselection.aspx?pcg=fun_ideas.stickerslabels&amp;p=stickers&amp;cpc=stickers&amp;cppn=roundstickersmall_general2\">runde klisterm\u00e6rker<\/a>, hvor vi skrev et bogstav per klisterm\u00e6rke. Det er ekstra sjovt at samtidig kunne skabe klisterm\u00e6rker med fotos p\u00e5. Derefter klippede vi vimplerne ud og satte et klisterm\u00e6rke p\u00e5 dem. Vi brugte et hulslag for at lave huller i papiret og trak derefter hampsnor igennem hullerne.<\/p>\n\n\n\n<h3 class=\"wp-block-heading\">2. Fremkald vigtige billeder og pynt dit billede med dem<\/h3>\n\n\n\n<div class=\"wp-block-media-text alignwide is-stacked-on-mobile\"><figure class=\"wp-block-media-text__media\"><img loading=\"lazy\" decoding=\"async\" width=\"360\" height=\"360\" src=\"https:\/\/storage.googleapis.com\/smartphoto-express-production-wp-blogs-com\/14\/2021\/06\/Bild-7-small-fotoremsa.jpg\" alt=\"fotoremsa\" class=\"wp-image-1404 size-full\" srcset=\"https:\/\/storage.googleapis.com\/smartphoto-express-production-wp-blogs-com\/14\/2021\/06\/Bild-7-small-fotoremsa.jpg 360w, https:\/\/storage.googleapis.com\/smartphoto-express-production-wp-blogs-com\/14\/2021\/06\/Bild-7-small-fotoremsa-300x300.jpg 300w, https:\/\/storage.googleapis.com\/smartphoto-express-production-wp-blogs-com\/14\/2021\/06\/Bild-7-small-fotoremsa-150x150.jpg 150w\" sizes=\"auto, (max-width: 360px) 100vw, 360px\" \/><\/figure><div class=\"wp-block-media-text__content\">\n<p>Du kan ogs\u00e5 fylde dit mindebillede op med fotografier. Der er nogle billeder, der betyder mere end andre. Det kan v\u00e6re det f\u00f8rste ultralydsbillede, et billede fra graviditetsfotograferingen, eller det f\u00f8rste billede af babyen. Du kan blandt andet fremkalde disse billeder som for eksempel en flot <a href=\"https:\/\/www.smartphoto.dk\/billeder-plakater-fotohaefter\/fotoautomat-billeder\">fotostrip<\/a> eller <a href=\"https:\/\/www.smartphoto.dk\/billeder-plakater-fotohaefter\/billeder-pa-luksuspapir\"><\/a><a href=\"https:\/\/www.smartphoto.dk\/billeder-plakater-fotohaefter\/billeder-pa-luksuspapir\" target=\"_blank\" rel=\"noreferrer noopener\">billeder p\u00e5 luksuspapir<\/a>, hvor du desuden kan l\u00e6gge en tekst til under billedet.&nbsp;<\/p>\n<\/div><\/div>\n\n\n\n<h3 class=\"wp-block-heading\">3. Gem det takkekort, der blev sendt ud til venner og familien efter f\u00f8dslen<\/h3>\n\n\n\n<div class=\"wp-block-media-text alignwide has-media-on-the-right is-stacked-on-mobile\"><figure class=\"wp-block-media-text__media\"><img loading=\"lazy\" decoding=\"async\" width=\"360\" height=\"360\" src=\"https:\/\/storage.googleapis.com\/smartphoto-express-production-wp-blogs-com\/14\/2021\/06\/Bild-8-small-tackkort.jpg\" alt=\"\" class=\"wp-image-1405 size-full\" srcset=\"https:\/\/storage.googleapis.com\/smartphoto-express-production-wp-blogs-com\/14\/2021\/06\/Bild-8-small-tackkort.jpg 360w, https:\/\/storage.googleapis.com\/smartphoto-express-production-wp-blogs-com\/14\/2021\/06\/Bild-8-small-tackkort-300x300.jpg 300w, https:\/\/storage.googleapis.com\/smartphoto-express-production-wp-blogs-com\/14\/2021\/06\/Bild-8-small-tackkort-150x150.jpg 150w\" sizes=\"auto, (max-width: 360px) 100vw, 360px\" \/><\/figure><div class=\"wp-block-media-text__content\">\n<p>Mange v\u00e6lger at sende et <a href=\"https:\/\/www.smartphoto.dk\/fotokort\/klassiske-fotokort\"><\/a><a href=\"https:\/\/www.smartphoto.dk\/fotokort\/klassiske-fotokort\" target=\"_blank\" rel=\"noreferrer noopener\">takkekort<\/a> til familie og venner, der var med og fejre f\u00f8dslen. S\u00f8rg for at bestille et ekstra kort, og gem det som et minde. En rigtig smuk detalje at pynte mindebilledet med. Vi valgte <a href=\"https:\/\/www.smartphoto.dk\/produkter\/designselection.aspx?pcg=cards.large&amp;p=singlecardv&amp;ic=1,1&amp;cpc=singlecardv&amp;cppn=singlecardv_driedflowers\">d<\/a><a href=\"https:\/\/www.smartphoto.dk\/produkter\/designselection.aspx?pcg=cards.large&amp;p=singlecardv&amp;ic=1,1&amp;cpc=singlecardv&amp;cppn=singlecardv_driedflowers\" target=\"_blank\" rel=\"noreferrer noopener\">ette smukke design<\/a>, da vi skabte vores kort.<\/p>\n<\/div><\/div>\n\n\n\n<h3 class=\"wp-block-heading\">4. Skriv barnets l\u00e6ngde og f\u00f8dselsv\u00e6gt<\/h3>\n\n\n\n<div class=\"wp-block-media-text alignwide is-stacked-on-mobile\"><figure class=\"wp-block-media-text__media\"><img loading=\"lazy\" decoding=\"async\" width=\"360\" height=\"360\" src=\"https:\/\/storage.googleapis.com\/smartphoto-express-production-wp-blogs-com\/14\/2021\/06\/Bild-9-small-etikett.jpg\" alt=\"\" class=\"wp-image-1406 size-full\" srcset=\"https:\/\/storage.googleapis.com\/smartphoto-express-production-wp-blogs-com\/14\/2021\/06\/Bild-9-small-etikett.jpg 360w, https:\/\/storage.googleapis.com\/smartphoto-express-production-wp-blogs-com\/14\/2021\/06\/Bild-9-small-etikett-300x300.jpg 300w, https:\/\/storage.googleapis.com\/smartphoto-express-production-wp-blogs-com\/14\/2021\/06\/Bild-9-small-etikett-150x150.jpg 150w\" sizes=\"auto, (max-width: 360px) 100vw, 360px\" \/><\/figure><div class=\"wp-block-media-text__content\">\n<p>Der er mange m\u00e5der at p\u00e5 en flot m\u00e5de f\u00e5 f\u00f8dseldato, f\u00f8dselsv\u00e6gt og l\u00e6ngde med i jeres f\u00f8dselsmindebillede. En vigtig detalje at tage med. Vi valgte at <a href=\"https:\/\/www.smartphoto.dk\/lav-noget-sjovt\/etiketter\"><\/a><a href=\"https:\/\/www.smartphoto.dk\/produkter\/designselection.aspx?pcg=fun_ideas.stickerslabels&amp;p=labels&amp;cpc=labels&amp;cppn=rectanglestickersmalllabels_dreamworldto\" target=\"_blank\" rel=\"noreferrer noopener\">fremkalde etiketter<\/a>, hvor du kan l\u00e6gge b\u00e5de egen tekst og billede til.&nbsp;<\/p>\n<\/div><\/div>\n\n\n\n<h3 class=\"wp-block-heading\">5. Gem den f\u00f8rste babystocking i dit f\u00f8dselsmindebillede<\/h3>\n\n\n\n<div class=\"wp-block-media-text alignwide has-media-on-the-right is-stacked-on-mobile\"><figure class=\"wp-block-media-text__media\"><img loading=\"lazy\" decoding=\"async\" width=\"360\" height=\"360\" src=\"https:\/\/storage.googleapis.com\/smartphoto-express-production-wp-blogs-com\/14\/2021\/06\/Bild-7-small-babybody.jpg\" alt=\"\" class=\"wp-image-1407 size-full\" srcset=\"https:\/\/storage.googleapis.com\/smartphoto-express-production-wp-blogs-com\/14\/2021\/06\/Bild-7-small-babybody.jpg 360w, https:\/\/storage.googleapis.com\/smartphoto-express-production-wp-blogs-com\/14\/2021\/06\/Bild-7-small-babybody-300x300.jpg 300w, https:\/\/storage.googleapis.com\/smartphoto-express-production-wp-blogs-com\/14\/2021\/06\/Bild-7-small-babybody-150x150.jpg 150w\" sizes=\"auto, (max-width: 360px) 100vw, 360px\" \/><\/figure><div class=\"wp-block-media-text__content\">\n<p>At l\u00e6gge det f\u00f8rste stykke t\u00f8j med som jeres baby fik p\u00e5 sygehuset, er en s\u00f8d detalje, der nemt kan g\u00f8res endnu mere personlig. For eksempel ved, at I har skabt jeres eget <a href=\"https:\/\/www.smartphoto.dk\/lav-noget-sjovt\/baby-body\"><\/a><a href=\"https:\/\/www.smartphoto.dk\/lav-noget-sjovt\/baby-body\" target=\"_blank\" rel=\"noreferrer noopener\">design p\u00e5 babystockingen<\/a>. Andre t\u00f8j-mindeting der passer godt (st\u00f8rrelsesm\u00e6ssigt) er str\u00f8mper, eller de f\u00f8rste sm\u00e5 sko.<\/p>\n<\/div><\/div>\n\n\n\n<h3 class=\"wp-block-heading\">6. Lim dine ting fast og skab et mindebillede!<\/h3>\n\n\n\n<figure class=\"wp-block-image size-large\"><img loading=\"lazy\" decoding=\"async\" width=\"720\" height=\"360\" src=\"https:\/\/storage.googleapis.com\/smartphoto-express-production-wp-blogs-com\/14\/2021\/06\/Bild-2-1.jpg\" alt=\"Mindebillede f\u00f8dsel\" class=\"wp-image-1408\" srcset=\"https:\/\/storage.googleapis.com\/smartphoto-express-production-wp-blogs-com\/14\/2021\/06\/Bild-2-1.jpg 720w, https:\/\/storage.googleapis.com\/smartphoto-express-production-wp-blogs-com\/14\/2021\/06\/Bild-2-1-300x150.jpg 300w\" sizes=\"auto, (max-width: 720px) 100vw, 720px\" \/><\/figure>\n\n\n\n<p>N\u00e5r alle de ting, du vil have med i dit mindebillede, er p\u00e5 plads, begynder det sjoveste, nemlig at samle dit billede. Start med at pr\u00f8ve dig frem ved at l\u00e6gge tingene ud p\u00e5 bagstykket af billedet.&nbsp;<\/p>\n\n\n\n<p>Et godt tip for at f\u00e5 billedet visuelt smukt, er at arbejde med samme farveskala, samt at ikke have for mange ting i din ramme. V\u00e6lg de allerflotteste og mest v\u00e6rdifulde detaljer og gem resten i en \u00e6ske.<\/p>\n\n\n\n<p>H\u00e5ber, du fik inspiration til at lave dit eget mindebillede! Et mindebillede kan naturligvis ogs\u00e5 laves med andre temaer, for eksempel bryllup eller minder fra da du og din partner m\u00f8dtes for f\u00f8rste gang.<\/p>\n\n\n\n<h2 class=\"wp-block-heading\">Vis os det, du skaber!<\/h2>\n\n\n\n<p>Vil du gerne se flere tips til sjove og nemme klippeklistreting? F\u00f8lg vores&nbsp;<a href=\"https:\/\/www.youtube.com\/channel\/UCTxRFOIlxj1cKOhi6_oZe9Q\">youtube-kanal<\/a>&nbsp;og abonn\u00e9r naturligvis ogs\u00e5 p\u00e5 vores blog.<\/p>\n\n\n\n<p>Vi bliver rigtig glade, hvis du deler det, du har lavet ved at vise et foto. Tag os p\u00e5 instagram&nbsp;<a href=\"https:\/\/www.instagram.com\/smartphoto.dk\/\">@smartphoto.dk<\/a>&nbsp;eller brug&nbsp;<a href=\"https:\/\/www.instagram.com\/explore\/tags\/mysmartphoto\/\">#mysmartphoto<\/a>.<\/p>\n\n\n\n<p>Held og lykke!<\/p>\n\n\n\n<p><strong>L<strong>\u00e6s ogs\u00e5:<\/strong><\/strong><br><a href=\"https:\/\/www.smartphoto.dk\/blog\/gave-til-nyfodt\/\">Gave til den nyf\u00f8dte \u2013 7 super s\u00f8de og personlige gaver til babyen og for\u00e6ldrene!<\/a><\/p>\n","protected":false},"excerpt":{"rendered":"<p>Baby shadow box eller f\u00f8dselsmindebillede er blevet rigtig popul\u00e6rt, og vi forst\u00e5r hvorfor! F\u00f8rst og fremmest er det ekstra sjovt, at du nu nemt kan skabe dit eget ved hj\u00e6lp af Smartphotos #smartphotodiy. I stedet for at l\u00e6gge alle de smukke billeder fra dit barns f\u00f8dsel og f\u00f8rste leve\u00e5r i en \u00e6ske, kan du i stedet nyde dem som en smuk indretningsdetalje. Se vores DIY&#8211;film nedenfor, for at f\u00e5 mere inspiration! Du kan ogs\u00e5 l\u00e6se vores nemme trin-for-trin-guide, for at se, hvordan du skaber dit eget mindebillede fra f\u00f8dslen eller dit barns f\u00f8rste \u00e5r. Dette skal du bruge for at<\/p>\n","protected":false},"author":1,"featured_media":1399,"comment_status":"open","ping_status":"open","sticky":false,"template":"","format":"standard","meta":{"om_disable_all_campaigns":false,"_monsterinsights_skip_tracking":false,"_monsterinsights_sitenote_active":false,"_monsterinsights_sitenote_note":"","_monsterinsights_sitenote_category":0,"footnotes":""},"categories":[6],"tags":[110,115,114],"class_list":["post-1392","post","type-post","status-publish","format-standard","has-post-thumbnail","hentry","category-inspiration","tag-smartphotodiy","tag-mindeaeske-baby","tag-mindebillede-foedsel"],"yoast_head":"<!-- This site is optimized with the Yoast SEO plugin v23.8 - https:\/\/yoast.com\/wordpress\/plugins\/seo\/ -->\n<title>F\u00f8dselsmindebillede - Gem minder fra dit barns f\u00f8dsel p\u00e5 en kreativ m\u00e5de!<\/title>\n<meta name=\"description\" content=\"F\u00f8dselsmindebillede eller Baby shadow box er blevet rigtig popul\u00e6rt! Vil du vide, hvordan du laver din egen? L\u00e6s dette blogindl\u00e6g nu!\" \/>\n<meta name=\"robots\" content=\"index, follow, max-snippet:-1, max-image-preview:large, max-video-preview:-1\" \/>\n<link rel=\"canonical\" href=\"https:\/\/www.smartphoto.dk\/blog\/fodselsmindebillede\/\" \/>\n<meta property=\"og:locale\" content=\"da_DK\" \/>\n<meta property=\"og:type\" content=\"article\" \/>\n<meta property=\"og:title\" content=\"F\u00f8dselsmindebillede - Gem minder fra dit barns f\u00f8dsel p\u00e5 en kreativ m\u00e5de!\" \/>\n<meta property=\"og:description\" content=\"F\u00f8dselsmindebillede eller Baby shadow box er blevet rigtig popul\u00e6rt! Vil du vide, hvordan du laver din egen? L\u00e6s dette blogindl\u00e6g nu!\" \/>\n<meta property=\"og:url\" content=\"\/blog\/fodselsmindebillede\/\" \/>\n<meta property=\"og:site_name\" content=\"smartphotoblog Inspiration - Foto tips - DIY\" \/>\n<meta property=\"article:published_time\" content=\"2021-06-30T07:52:05+00:00\" \/>\n<meta property=\"article:modified_time\" content=\"2021-06-30T07:52:08+00:00\" \/>\n<meta property=\"og:image\" content=\"https:\/\/storage.googleapis.com\/smartphoto-express-production-wp-blogs-com\/14\/2021\/06\/Bild-1.jpg\" \/>\n\t<meta property=\"og:image:width\" content=\"720\" \/>\n\t<meta property=\"og:image:height\" content=\"360\" \/>\n\t<meta property=\"og:image:type\" content=\"image\/jpeg\" \/>\n<meta name=\"author\" content=\"admin\" \/>\n<meta name=\"twitter:card\" content=\"summary_large_image\" \/>\n<meta name=\"twitter:label1\" content=\"Written by\" \/>\n\t<meta name=\"twitter:data1\" content=\"admin\" \/>\n\t<meta name=\"twitter:label2\" content=\"Est. reading time\" \/>\n\t<meta name=\"twitter:data2\" content=\"5 minutes\" \/>\n<script type=\"application\/ld+json\" class=\"yoast-schema-graph\">{\"@context\":\"https:\/\/schema.org\",\"@graph\":[{\"@type\":\"WebPage\",\"@id\":\"\/blog\/fodselsmindebillede\/\",\"url\":\"https:\/\/www.smartphoto.dk\/blog\/fodselsmindebillede\/\",\"name\":\"F\u00f8dselsmindebillede - Gem minder fra dit barns f\u00f8dsel p\u00e5 en kreativ m\u00e5de!\",\"isPartOf\":{\"@id\":\"https:\/\/www.smartphoto.dk\/blog\/#website\"},\"primaryImageOfPage\":{\"@id\":\"https:\/\/www.smartphoto.dk\/blog\/fodselsmindebillede\/#primaryimage\"},\"image\":{\"@id\":\"https:\/\/www.smartphoto.dk\/blog\/fodselsmindebillede\/#primaryimage\"},\"thumbnailUrl\":\"https:\/\/storage.googleapis.com\/smartphoto-express-production-wp-blogs-com\/14\/2021\/06\/Bild-1.jpg\",\"datePublished\":\"2021-06-30T07:52:05+00:00\",\"dateModified\":\"2021-06-30T07:52:08+00:00\",\"author\":{\"@id\":\"https:\/\/www.smartphoto.dk\/blog\/#\/schema\/person\/c256b3f50ae468ee69f4b486108c797b\"},\"description\":\"F\u00f8dselsmindebillede eller Baby shadow box er blevet rigtig popul\u00e6rt! Vil du vide, hvordan du laver din egen? L\u00e6s dette blogindl\u00e6g nu!\",\"breadcrumb\":{\"@id\":\"https:\/\/www.smartphoto.dk\/blog\/fodselsmindebillede\/#breadcrumb\"},\"inLanguage\":\"da-DK\",\"potentialAction\":[{\"@type\":\"ReadAction\",\"target\":[\"https:\/\/www.smartphoto.dk\/blog\/fodselsmindebillede\/\"]}]},{\"@type\":\"ImageObject\",\"inLanguage\":\"da-DK\",\"@id\":\"https:\/\/www.smartphoto.dk\/blog\/fodselsmindebillede\/#primaryimage\",\"url\":\"https:\/\/storage.googleapis.com\/smartphoto-express-production-wp-blogs-com\/14\/2021\/06\/Bild-1.jpg\",\"contentUrl\":\"https:\/\/storage.googleapis.com\/smartphoto-express-production-wp-blogs-com\/14\/2021\/06\/Bild-1.jpg\",\"width\":720,\"height\":360,\"caption\":\"Mindebillede f\u00f8dsel\"},{\"@type\":\"BreadcrumbList\",\"@id\":\"https:\/\/www.smartphoto.dk\/blog\/fodselsmindebillede\/#breadcrumb\",\"itemListElement\":[{\"@type\":\"ListItem\",\"position\":1,\"name\":\"Home\",\"item\":\"\/blog\/\"},{\"@type\":\"ListItem\",\"position\":2,\"name\":\"F\u00f8dselsmindebillede &#8211; Gem minder fra dit barns f\u00f8dsel p\u00e5 en kreativ m\u00e5de!\"}]},{\"@type\":\"WebSite\",\"@id\":\"https:\/\/www.smartphoto.dk\/blog\/#website\",\"url\":\"https:\/\/www.smartphoto.dk\/blog\/\",\"name\":\"smartphotoblog Inspiration - Foto tips - DIY\",\"description\":\"smartphotoblog Inspiration - Foto tips - DIY\",\"potentialAction\":[{\"@type\":\"SearchAction\",\"target\":{\"@type\":\"EntryPoint\",\"urlTemplate\":\"https:\/\/www.smartphoto.dk\/blog\/?s={search_term_string}\"},\"query-input\":{\"@type\":\"PropertyValueSpecification\",\"valueRequired\":true,\"valueName\":\"search_term_string\"}}],\"inLanguage\":\"da-DK\"},{\"@type\":\"Person\",\"@id\":\"https:\/\/www.smartphoto.dk\/blog\/#\/schema\/person\/c256b3f50ae468ee69f4b486108c797b\",\"name\":\"admin\",\"image\":{\"@type\":\"ImageObject\",\"inLanguage\":\"da-DK\",\"@id\":\"https:\/\/www.smartphoto.dk\/blog\/#\/schema\/person\/image\/\",\"url\":\"https:\/\/secure.gravatar.com\/avatar\/8f9488249a21b1f2cc85dc7982dc95c4?s=96&d=mm&r=g\",\"contentUrl\":\"https:\/\/secure.gravatar.com\/avatar\/8f9488249a21b1f2cc85dc7982dc95c4?s=96&d=mm&r=g\",\"caption\":\"admin\"},\"url\":\"https:\/\/www.smartphoto.dk\/blog\/author\/admin\/\"}]}<\/script>\n<!-- \/ Yoast SEO plugin. -->","yoast_head_json":{"title":"F\u00f8dselsmindebillede - Gem minder fra dit barns f\u00f8dsel p\u00e5 en kreativ m\u00e5de!","description":"F\u00f8dselsmindebillede eller Baby shadow box er blevet rigtig popul\u00e6rt! Vil du vide, hvordan du laver din egen? L\u00e6s dette blogindl\u00e6g nu!","robots":{"index":"index","follow":"follow","max-snippet":"max-snippet:-1","max-image-preview":"max-image-preview:large","max-video-preview":"max-video-preview:-1"},"canonical":"https:\/\/www.smartphoto.dk\/blog\/fodselsmindebillede\/","og_locale":"da_DK","og_type":"article","og_title":"F\u00f8dselsmindebillede - Gem minder fra dit barns f\u00f8dsel p\u00e5 en kreativ m\u00e5de!","og_description":"F\u00f8dselsmindebillede eller Baby shadow box er blevet rigtig popul\u00e6rt! Vil du vide, hvordan du laver din egen? L\u00e6s dette blogindl\u00e6g nu!","og_url":"\/blog\/fodselsmindebillede\/","og_site_name":"smartphotoblog Inspiration - Foto tips - DIY","article_published_time":"2021-06-30T07:52:05+00:00","article_modified_time":"2021-06-30T07:52:08+00:00","og_image":[{"width":720,"height":360,"url":"https:\/\/storage.googleapis.com\/smartphoto-express-production-wp-blogs-com\/14\/2021\/06\/Bild-1.jpg","type":"image\/jpeg"}],"author":"admin","twitter_card":"summary_large_image","twitter_misc":{"Written by":"admin","Est. reading time":"5 minutes"},"schema":{"@context":"https:\/\/schema.org","@graph":[{"@type":"WebPage","@id":"\/blog\/fodselsmindebillede\/","url":"https:\/\/www.smartphoto.dk\/blog\/fodselsmindebillede\/","name":"F\u00f8dselsmindebillede - Gem minder fra dit barns f\u00f8dsel p\u00e5 en kreativ m\u00e5de!","isPartOf":{"@id":"https:\/\/www.smartphoto.dk\/blog\/#website"},"primaryImageOfPage":{"@id":"https:\/\/www.smartphoto.dk\/blog\/fodselsmindebillede\/#primaryimage"},"image":{"@id":"https:\/\/www.smartphoto.dk\/blog\/fodselsmindebillede\/#primaryimage"},"thumbnailUrl":"https:\/\/storage.googleapis.com\/smartphoto-express-production-wp-blogs-com\/14\/2021\/06\/Bild-1.jpg","datePublished":"2021-06-30T07:52:05+00:00","dateModified":"2021-06-30T07:52:08+00:00","author":{"@id":"https:\/\/www.smartphoto.dk\/blog\/#\/schema\/person\/c256b3f50ae468ee69f4b486108c797b"},"description":"F\u00f8dselsmindebillede eller Baby shadow box er blevet rigtig popul\u00e6rt! Vil du vide, hvordan du laver din egen? L\u00e6s dette blogindl\u00e6g nu!","breadcrumb":{"@id":"https:\/\/www.smartphoto.dk\/blog\/fodselsmindebillede\/#breadcrumb"},"inLanguage":"da-DK","potentialAction":[{"@type":"ReadAction","target":["https:\/\/www.smartphoto.dk\/blog\/fodselsmindebillede\/"]}]},{"@type":"ImageObject","inLanguage":"da-DK","@id":"https:\/\/www.smartphoto.dk\/blog\/fodselsmindebillede\/#primaryimage","url":"https:\/\/storage.googleapis.com\/smartphoto-express-production-wp-blogs-com\/14\/2021\/06\/Bild-1.jpg","contentUrl":"https:\/\/storage.googleapis.com\/smartphoto-express-production-wp-blogs-com\/14\/2021\/06\/Bild-1.jpg","width":720,"height":360,"caption":"Mindebillede f\u00f8dsel"},{"@type":"BreadcrumbList","@id":"https:\/\/www.smartphoto.dk\/blog\/fodselsmindebillede\/#breadcrumb","itemListElement":[{"@type":"ListItem","position":1,"name":"Home","item":"\/blog\/"},{"@type":"ListItem","position":2,"name":"F\u00f8dselsmindebillede &#8211; Gem minder fra dit barns f\u00f8dsel p\u00e5 en kreativ m\u00e5de!"}]},{"@type":"WebSite","@id":"https:\/\/www.smartphoto.dk\/blog\/#website","url":"https:\/\/www.smartphoto.dk\/blog\/","name":"smartphotoblog Inspiration - Foto tips - DIY","description":"smartphotoblog Inspiration - Foto tips - DIY","potentialAction":[{"@type":"SearchAction","target":{"@type":"EntryPoint","urlTemplate":"https:\/\/www.smartphoto.dk\/blog\/?s={search_term_string}"},"query-input":{"@type":"PropertyValueSpecification","valueRequired":true,"valueName":"search_term_string"}}],"inLanguage":"da-DK"},{"@type":"Person","@id":"https:\/\/www.smartphoto.dk\/blog\/#\/schema\/person\/c256b3f50ae468ee69f4b486108c797b","name":"admin","image":{"@type":"ImageObject","inLanguage":"da-DK","@id":"https:\/\/www.smartphoto.dk\/blog\/#\/schema\/person\/image\/","url":"https:\/\/secure.gravatar.com\/avatar\/8f9488249a21b1f2cc85dc7982dc95c4?s=96&d=mm&r=g","contentUrl":"https:\/\/secure.gravatar.com\/avatar\/8f9488249a21b1f2cc85dc7982dc95c4?s=96&d=mm&r=g","caption":"admin"},"url":"https:\/\/www.smartphoto.dk\/blog\/author\/admin\/"}]}},"_links":{"self":[{"href":"https:\/\/www.smartphoto.dk\/blog\/wp-json\/wp\/v2\/posts\/1392","targetHints":{"allow":["GET"]}}],"collection":[{"href":"https:\/\/www.smartphoto.dk\/blog\/wp-json\/wp\/v2\/posts"}],"about":[{"href":"https:\/\/www.smartphoto.dk\/blog\/wp-json\/wp\/v2\/types\/post"}],"author":[{"embeddable":true,"href":"https:\/\/www.smartphoto.dk\/blog\/wp-json\/wp\/v2\/users\/1"}],"replies":[{"embeddable":true,"href":"https:\/\/www.smartphoto.dk\/blog\/wp-json\/wp\/v2\/comments?post=1392"}],"version-history":[{"count":13,"href":"https:\/\/www.smartphoto.dk\/blog\/wp-json\/wp\/v2\/posts\/1392\/revisions"}],"predecessor-version":[{"id":1432,"href":"https:\/\/www.smartphoto.dk\/blog\/wp-json\/wp\/v2\/posts\/1392\/revisions\/1432"}],"wp:featuredmedia":[{"embeddable":true,"href":"https:\/\/www.smartphoto.dk\/blog\/wp-json\/wp\/v2\/media\/1399"}],"wp:attachment":[{"href":"https:\/\/www.smartphoto.dk\/blog\/wp-json\/wp\/v2\/media?parent=1392"}],"wp:term":[{"taxonomy":"category","embeddable":true,"href":"https:\/\/www.smartphoto.dk\/blog\/wp-json\/wp\/v2\/categories?post=1392"},{"taxonomy":"post_tag","embeddable":true,"href":"https:\/\/www.smartphoto.dk\/blog\/wp-json\/wp\/v2\/tags?post=1392"}],"curies":[{"name":"wp","href":"https:\/\/api.w.org\/{rel}","templated":true}]}}